{"id":273277,"date":"2023-02-07T13:58:53","date_gmt":"2023-02-07T11:58:53","guid":{"rendered":"https:\/\/sana.sy\/tr\/?p=273277"},"modified":"2023-02-08T07:11:05","modified_gmt":"2023-02-08T05:11:05","slug":"arjantin-deprem-felaketinde-suriye-ile-dayanismasini-ifade-ediyor","status":"publish","type":"post","link":"https:\/\/archive.sana.sy\/tr\/?p=273277","title":{"rendered":"Arjantin, Deprem Felaketinde Suriye \u0130le Dayan\u0131\u015fmas\u0131n\u0131 \u0130fade Ediyor"},"content":{"rendered":"<p><strong>BUENOS AIRES<\/strong> &#8211; Arjantin, d\u00fcn sabah saatlerinde meydana gelen ve y\u00fczlerce can kayb\u0131yla sonu\u00e7lanan deprem sonucunda h\u00fck\u00fcmetinin ve halk\u0131n\u0131n Suriye ile dayan\u0131\u015fma i\u00e7inde oldu\u011funu dile getirdi.<\/p>\n<p>Arjantin D\u0131\u015fi\u015fleri Bakanl\u0131\u011f\u0131&#8217;ndan yap\u0131lan a\u00e7\u0131klamada, &#8221;Arjantin Cumhuriyeti h\u00fck\u00fcmeti ve halk\u0131, Suriye&#8217;nin ba\u015f\u0131na gelen sismik hareketlerin ciddi sonu\u00e7lar\u0131ndan dolay\u0131 derin \u00fcz\u00fcnt\u00fclerini ifade etmekte olup Suriye h\u00fck\u00fcmetiyle bu zor anlar\u0131 payla\u015f\u0131yor ve Suriye halk\u0131na en i\u00e7ten taziyelerini sunuyor&#8221; denildi.<\/p>\n<p>&nbsp;<\/p>\n<p><a href=\"https:\/\/t.me\/SuriyeArapHaberAjansI\">Telegram Kanal\u0131m\u0131z\u00a0<\/a><\/p>\n<p><a href=\"https:\/\/www.facebook.com\/SANAHaberAjansi\/\">Facebook Sayfam\u0131z<\/a><\/p>\n","protected":false},"excerpt":{"rendered":"<p>BUENOS AIRES &#8211; Arjantin, d\u00fcn sabah saatlerinde meydana gelen ve y\u00fczlerce can kayb\u0131yla sonu\u00e7lanan deprem sonucunda h\u00fck\u00fcmetinin ve halk\u0131n\u0131n Suriye ile dayan\u0131\u015fma i\u00e7inde oldu\u011funu dile getirdi. Arjantin D\u0131\u015fi\u015fleri Bakanl\u0131\u011f\u0131&#8217;ndan yap\u0131lan a\u00e7\u0131klamada, &#8221;Arjantin Cumhuriyeti h\u00fck\u00fcmeti ve halk\u0131, Suriye&#8217;nin ba\u015f\u0131na gelen sismik hareketlerin ciddi sonu\u00e7lar\u0131ndan dolay\u0131 derin \u00fcz\u00fcnt\u00fclerini ifade etmekte olup Suriye h\u00fck\u00fcmetiyle bu zor anlar\u0131 payla\u015f\u0131yor &hellip;<\/p>\n","protected":false},"author":41,"featured_media":273278,"comment_status":"closed","ping_status":"closed","sticky":false,"template":"","format":"standard","meta":{"footnotes":""},"categories":[458,459,17988],"tags":[],"class_list":["post-273277","post","type-post","status-publish","format-standard","has-post-thumbnail","","category-dunya1","category-haberler-arap-uluslararasi-politika","category-son-haberler"],"_links":{"self":[{"href":"https:\/\/archive.sana.sy\/tr\/index.php?rest_route=\/wp\/v2\/posts\/273277","targetHints":{"allow":["GET"]}}],"collection":[{"href":"https:\/\/archive.sana.sy\/tr\/index.php?rest_route=\/wp\/v2\/posts"}],"about":[{"href":"https:\/\/archive.sana.sy\/tr\/index.php?rest_route=\/wp\/v2\/types\/post"}],"author":[{"embeddable":true,"href":"https:\/\/archive.sana.sy\/tr\/index.php?rest_route=\/wp\/v2\/users\/41"}],"replies":[{"embeddable":true,"href":"https:\/\/archive.sana.sy\/tr\/index.php?rest_route=%2Fwp%2Fv2%2Fcomments&post=273277"}],"version-history":[{"count":0,"href":"https:\/\/archive.sana.sy\/tr\/index.php?rest_route=\/wp\/v2\/posts\/273277\/revisions"}],"wp:featuredmedia":[{"embeddable":true,"href":"https:\/\/archive.sana.sy\/tr\/index.php?rest_route=\/wp\/v2\/media\/273278"}],"wp:attachment":[{"href":"https:\/\/archive.sana.sy\/tr\/index.php?rest_route=%2Fwp%2Fv2%2Fmedia&parent=273277"}],"wp:term":[{"taxonomy":"category","embeddable":true,"href":"https:\/\/archive.sana.sy\/tr\/index.php?rest_route=%2Fwp%2Fv2%2Fcategories&post=273277"},{"taxonomy":"post_tag","embeddable":true,"href":"https:\/\/archive.sana.sy\/tr\/index.php?rest_route=%2Fwp%2Fv2%2Ftags&post=273277"}],"curies":[{"name":"wp","href":"https:\/\/api.w.org\/{rel}","templated":true}]}}