{"id":273282,"date":"2023-02-07T14:19:52","date_gmt":"2023-02-07T12:19:52","guid":{"rendered":"https:\/\/sana.sy\/tr\/?p=273282"},"modified":"2023-02-08T07:11:08","modified_gmt":"2023-02-08T05:11:08","slug":"hindistan-deprem-felaketi-nedeniyle-suriye-hukumeti-ve-halkina-bassagligi-diledi","status":"publish","type":"post","link":"https:\/\/archive.sana.sy\/tr\/?p=273282","title":{"rendered":"Hindistan, Deprem Felaketi Nedeniyle Suriye H\u00fck\u00fcmeti Ve Halk\u0131na Ba\u015fsa\u011fl\u0131\u011f\u0131 Diledi"},"content":{"rendered":"<p><strong>YEN\u0130 DELH\u0130 &#8211; <\/strong>Hindistan d\u00fcn sabaha kar\u015f\u0131 meydana gelen ve y\u00fczlerce ki\u015finin hayat\u0131n\u0131 kaybetti\u011fi depremde hayat\u0131n\u0131 kaybedenler i\u00e7in Suriye h\u00fck\u00fcmeti ve halk\u0131na taziyelerini iletti.<\/p>\n<p>Hindistan D\u0131\u015fi\u015fleri Bakan\u0131 Murli Dharan bug\u00fcn Yeni Delhi&#8217;deki Suriye B\u00fcy\u00fckel\u00e7ili\u011fini ziyareti s\u0131ras\u0131nda, \u2018\u2019Hindistan, ma\u011fdurlara yard\u0131m etmeye ve Suriye&#8217;ye acil insani yard\u0131m g\u00f6ndermeye haz\u0131r\u2019\u2019 dedi.<\/p>\n<p>Buna kar\u015f\u0131l\u0131k, Suriye&#8217;nin Yeni Delhi B\u00fcy\u00fckel\u00e7isi Bessam El Hatib, h\u0131zl\u0131 yan\u0131t i\u00e7in Hindistan h\u00fck\u00fcmetine te\u015fekk\u00fcr etti ve ayr\u0131ca Hint halk\u0131na, ya\u015fad\u0131klar\u0131 s\u0131k\u0131nt\u0131da Suriye halk\u0131n\u0131n yan\u0131nda yer ald\u0131klar\u0131 i\u00e7in sempatileri i\u00e7in te\u015fekk\u00fcr etti.<\/p>\n<p>El Hatib ayr\u0131ca, Hindistan-Suriye ili\u015fkilerinin \u00f6nemini vurgulayarak, Hindistan h\u00fck\u00fcmetinin bu onurlu duru\u015funun ikili ili\u015fkilerin derinli\u011fini ve iki dost \u00fclke halklar\u0131 aras\u0131ndaki kar\u015f\u0131l\u0131kl\u0131 ba\u011f\u0131ml\u0131l\u0131\u011f\u0131 g\u00f6sterdi\u011fine i\u015faret etti.<\/p>\n<p>&nbsp;<\/p>\n<p>R.M.<\/p>\n<p><a href=\"https:\/\/t.me\/SuriyeArapHaberAjansI\">Telegram Kanal\u0131m\u0131z\u00a0<\/a><\/p>\n<p><a href=\"https:\/\/www.facebook.com\/SANAHaberAjansi\/\">Facebook Sayfam\u0131z<\/a><\/p>\n","protected":false},"excerpt":{"rendered":"<p>YEN\u0130 DELH\u0130 &#8211; Hindistan d\u00fcn sabaha kar\u015f\u0131 meydana gelen ve y\u00fczlerce ki\u015finin hayat\u0131n\u0131 kaybetti\u011fi depremde hayat\u0131n\u0131 kaybedenler i\u00e7in Suriye h\u00fck\u00fcmeti ve halk\u0131na taziyelerini iletti. Hindistan D\u0131\u015fi\u015fleri Bakan\u0131 Murli Dharan bug\u00fcn Yeni Delhi&#8217;deki Suriye B\u00fcy\u00fckel\u00e7ili\u011fini ziyareti s\u0131ras\u0131nda, \u2018\u2019Hindistan, ma\u011fdurlara yard\u0131m etmeye ve Suriye&#8217;ye acil insani yard\u0131m g\u00f6ndermeye haz\u0131r\u2019\u2019 dedi. Buna kar\u015f\u0131l\u0131k, Suriye&#8217;nin Yeni Delhi B\u00fcy\u00fckel\u00e7isi Bessam &hellip;<\/p>\n","protected":false},"author":41,"featured_media":273284,"comment_status":"closed","ping_status":"closed","sticky":false,"template":"","format":"standard","meta":{"footnotes":""},"categories":[458,459,17988],"tags":[],"class_list":["post-273282","post","type-post","status-publish","format-standard","has-post-thumbnail","","category-dunya1","category-haberler-arap-uluslararasi-politika","category-son-haberler"],"_links":{"self":[{"href":"https:\/\/archive.sana.sy\/tr\/index.php?rest_route=\/wp\/v2\/posts\/273282","targetHints":{"allow":["GET"]}}],"collection":[{"href":"https:\/\/archive.sana.sy\/tr\/index.php?rest_route=\/wp\/v2\/posts"}],"about":[{"href":"https:\/\/archive.sana.sy\/tr\/index.php?rest_route=\/wp\/v2\/types\/post"}],"author":[{"embeddable":true,"href":"https:\/\/archive.sana.sy\/tr\/index.php?rest_route=\/wp\/v2\/users\/41"}],"replies":[{"embeddable":true,"href":"https:\/\/archive.sana.sy\/tr\/index.php?rest_route=%2Fwp%2Fv2%2Fcomments&post=273282"}],"version-history":[{"count":0,"href":"https:\/\/archive.sana.sy\/tr\/index.php?rest_route=\/wp\/v2\/posts\/273282\/revisions"}],"wp:featuredmedia":[{"embeddable":true,"href":"https:\/\/archive.sana.sy\/tr\/index.php?rest_route=\/wp\/v2\/media\/273284"}],"wp:attachment":[{"href":"https:\/\/archive.sana.sy\/tr\/index.php?rest_route=%2Fwp%2Fv2%2Fmedia&parent=273282"}],"wp:term":[{"taxonomy":"category","embeddable":true,"href":"https:\/\/archive.sana.sy\/tr\/index.php?rest_route=%2Fwp%2Fv2%2Fcategories&post=273282"},{"taxonomy":"post_tag","embeddable":true,"href":"https:\/\/archive.sana.sy\/tr\/index.php?rest_route=%2Fwp%2Fv2%2Ftags&post=273282"}],"curies":[{"name":"wp","href":"https:\/\/api.w.org\/{rel}","templated":true}]}}