{"id":273285,"date":"2023-02-07T14:34:05","date_gmt":"2023-02-07T12:34:05","guid":{"rendered":"https:\/\/sana.sy\/tr\/?p=273285"},"modified":"2023-02-08T07:11:26","modified_gmt":"2023-02-08T05:11:26","slug":"halepteki-iran-konsoloslugu-depremin-etkilerinin-ustesinden-gelmek-icin-suriye-halkina-mumkun-olan-her-turlu-yardimi-saglayacagiz","status":"publish","type":"post","link":"https:\/\/archive.sana.sy\/tr\/?p=273285","title":{"rendered":"Halep&#8217;teki \u0130ran Konsoloslu\u011fu: Depremin Etkilerinin \u00dcstesinden Gelmek \u0130\u00e7in Suriye Halk\u0131na M\u00fcmk\u00fcn Olan Her T\u00fcrl\u00fc Yard\u0131m\u0131 Sa\u011flayaca\u011f\u0131z"},"content":{"rendered":"<p><strong>HALEP<\/strong> &#8211; Halep&#8217;teki \u0130ran Konsoloslu\u011fu, depremden etkilenen insanlara da\u011f\u0131t\u0131lacak olan yard\u0131m malzemelerinin <img loading=\"lazy\" decoding=\"async\" class=\"size-full wp-image-273287 alignright\" src=\"http:\/\/sana.sy\/tr\/wp-content\/uploads\/2023\/02\/photo_2023-02-07_12-55-43-300x200-1.jpg\" alt=\"\" width=\"300\" height=\"200\" srcset=\"https:\/\/archive.sana.sy\/tr\/wp-content\/uploads\/2023\/02\/photo_2023-02-07_12-55-43-300x200-1.jpg 300w, https:\/\/archive.sana.sy\/tr\/wp-content\/uploads\/2023\/02\/photo_2023-02-07_12-55-43-300x200-1-150x100.jpg 150w\" sizes=\"auto, (max-width: 300px) 100vw, 300px\" \/>y\u00fckl\u00fc oldu\u011fu kamyonlar\u0131n yan\u0131 s\u0131ra, depremden etkilenen b\u00f6lgelerdeki molozlar\u0131n kald\u0131r\u0131lmas\u0131na kat\u0131lmak i\u00e7in birden fazla mekanizmay\u0131 donatt\u0131.<\/p>\n<p>\u0130ran \u0130slam Cumhuriyeti Halep Konsolosu Selman Nevvab El Nuri, \u0130ran&#8217;\u0131n her zaman Suriye&#8217;nin yan\u0131nda oldu\u011funu ve Suriye halk\u0131n\u0131n ac\u0131s\u0131n\u0131 hafifletmek ve depremin etkilerinin \u00fcstesinden gelmek i\u00e7in m\u00fcmk\u00fcn olan her t\u00fcrl\u00fc yard\u0131m\u0131 sa\u011flayaca\u011f\u0131n\u0131 vurgulad\u0131.<\/p>\n<p>El Nuri yapt\u0131\u011f\u0131 a\u00e7\u0131klamada, \u2018\u2019Y\u0131k\u0131c\u0131 depremin ard\u0131ndan ilk anlardan itibaren konsolosluk \u00e7al\u0131\u015fmaya ba\u015flad\u0131 ve 3 binden fazla yemek ve 8 bin battaniye da\u011f\u0131tt\u0131k.Gerekli yedek ila\u00e7larla donat\u0131lm\u0131\u015f sa\u011fl\u0131k ve acil durum ekipleri ve halka yard\u0131m sa\u011flamak i\u00e7in 15 ambulansla donat\u0131lm\u0131\u015f sa\u011fl\u0131k ve acil durum ekiplerinin tam alarm\u0131 aras\u0131nda m\u00fchendislik ekibi de molozlar\u0131 kald\u0131rmak ve Halep&#8217;teki insanlara yard\u0131m etmek i\u00e7in \u00e7al\u0131\u015fmaya ba\u015flad\u0131\u2019\u2019 dedi.<\/p>\n<p>&nbsp;<\/p>\n<p>R.M.<\/p>\n<p><a href=\"https:\/\/t.me\/SuriyeArapHaberAjansI\">Telegram Kanal\u0131m\u0131z\u00a0<\/a><\/p>\n<p><a href=\"https:\/\/www.facebook.com\/SANAHaberAjansi\/\">Facebook Sayfam\u0131z<\/a><\/p>\n","protected":false},"excerpt":{"rendered":"<p>HALEP &#8211; Halep&#8217;teki \u0130ran Konsoloslu\u011fu, depremden etkilenen insanlara da\u011f\u0131t\u0131lacak olan yard\u0131m malzemelerinin y\u00fckl\u00fc oldu\u011fu kamyonlar\u0131n yan\u0131 s\u0131ra, depremden etkilenen b\u00f6lgelerdeki molozlar\u0131n kald\u0131r\u0131lmas\u0131na kat\u0131lmak i\u00e7in birden fazla mekanizmay\u0131 donatt\u0131. \u0130ran \u0130slam Cumhuriyeti Halep Konsolosu Selman Nevvab El Nuri, \u0130ran&#8217;\u0131n her zaman Suriye&#8217;nin yan\u0131nda oldu\u011funu ve Suriye halk\u0131n\u0131n ac\u0131s\u0131n\u0131 hafifletmek ve depremin etkilerinin \u00fcstesinden gelmek i\u00e7in m\u00fcmk\u00fcn &hellip;<\/p>\n","protected":false},"author":41,"featured_media":273286,"comment_status":"closed","ping_status":"closed","sticky":false,"template":"","format":"standard","meta":{"footnotes":""},"categories":[479,17988,478],"tags":[],"class_list":["post-273285","post","type-post","status-publish","format-standard","has-post-thumbnail","","category-haberler-yerel","category-son-haberler","category-yerel"],"_links":{"self":[{"href":"https:\/\/archive.sana.sy\/tr\/index.php?rest_route=\/wp\/v2\/posts\/273285","targetHints":{"allow":["GET"]}}],"collection":[{"href":"https:\/\/archive.sana.sy\/tr\/index.php?rest_route=\/wp\/v2\/posts"}],"about":[{"href":"https:\/\/archive.sana.sy\/tr\/index.php?rest_route=\/wp\/v2\/types\/post"}],"author":[{"embeddable":true,"href":"https:\/\/archive.sana.sy\/tr\/index.php?rest_route=\/wp\/v2\/users\/41"}],"replies":[{"embeddable":true,"href":"https:\/\/archive.sana.sy\/tr\/index.php?rest_route=%2Fwp%2Fv2%2Fcomments&post=273285"}],"version-history":[{"count":0,"href":"https:\/\/archive.sana.sy\/tr\/index.php?rest_route=\/wp\/v2\/posts\/273285\/revisions"}],"wp:featuredmedia":[{"embeddable":true,"href":"https:\/\/archive.sana.sy\/tr\/index.php?rest_route=\/wp\/v2\/media\/273286"}],"wp:attachment":[{"href":"https:\/\/archive.sana.sy\/tr\/index.php?rest_route=%2Fwp%2Fv2%2Fmedia&parent=273285"}],"wp:term":[{"taxonomy":"category","embeddable":true,"href":"https:\/\/archive.sana.sy\/tr\/index.php?rest_route=%2Fwp%2Fv2%2Fcategories&post=273285"},{"taxonomy":"post_tag","embeddable":true,"href":"https:\/\/archive.sana.sy\/tr\/index.php?rest_route=%2Fwp%2Fv2%2Ftags&post=273285"}],"curies":[{"name":"wp","href":"https:\/\/api.w.org\/{rel}","templated":true}]}}