{"id":273289,"date":"2023-02-07T14:47:11","date_gmt":"2023-02-07T12:47:11","guid":{"rendered":"https:\/\/sana.sy\/tr\/?p=273289"},"modified":"2023-02-09T08:24:53","modified_gmt":"2023-02-09T05:24:53","slug":"iran-cumhurbaskani-cumhurbaskani-esad-ile-yaptigi-telefon-gorusmesinde-ulkesinin-yikici-depremin-ardindan-maruz-kaldigi-cilede-suriyenin-yaninda-oldugunu-vurguladi","status":"publish","type":"post","link":"https:\/\/archive.sana.sy\/tr\/?p=273289","title":{"rendered":"\u0130ran Cumhurba\u015fkan\u0131, Cumhurba\u015fkan\u0131 Esad \u0130le Yapt\u0131\u011f\u0131 Telefon G\u00f6r\u00fc\u015fmesinde, \u00dclkesinin Y\u0131k\u0131c\u0131 Depremin Ard\u0131ndan Maruz Kald\u0131\u011f\u0131 \u00c7ilede Suriye&#8217;nin Yan\u0131nda Oldu\u011funu Vurgulad\u0131"},"content":{"rendered":"<p><strong>\u015eAM<\/strong> &#8211; \u0130ran Cumhurba\u015fkan\u0131 \u0130brahim Reisi, \u0130ran \u0130slam Cumhuriyeti&#8217;nin y\u0131k\u0131c\u0131 depremin ard\u0131ndan maruz kald\u0131\u011f\u0131 \u00e7etin s\u0131navda Suriye&#8217;nin yan\u0131nda oldu\u011funu vurgulayarak, t\u00fcm Suriyelilere en i\u00e7ten taziyelerini ve ba\u015fsa\u011fl\u0131\u011f\u0131 ifade etti ve yaral\u0131lara acil \u015fifalar diledi.<\/p>\n<p>\u0130ran cumhurba\u015fkan\u0131, bu \u00f6\u011fleden sonra Cumhurba\u015fkan\u0131 Be\u015far Esad ile yapt\u0131\u011f\u0131 telefon g\u00f6r\u00fc\u015fmesinde, iki \u00fclkeyi birbirine ba\u011flayan stratejik ili\u015fkiler ve insani ilkeler temelinde \u0130ran&#8217;\u0131n ancak bu zorlay\u0131c\u0131 ko\u015fullarda Suriye halk\u0131yla dayan\u0131\u015fma g\u00f6sterebilece\u011fini de\u011ferlendirerek, bu \u00e7ilenin etkilerini hafifletmek i\u00e7in elinden gelen her \u015feyi yabaca\u011f\u0131n\u0131 ve Suriye h\u00fck\u00fcmetinin bu konudaki yorulmak bilmez \u00e7abalar\u0131na destek verdi\u011fini vurgulad\u0131.<\/p>\n<p>Buna kar\u015f\u0131l\u0131k Cumhurba\u015fkan\u0131 Esad, \u0130ran h\u00fck\u00fcmetine ve halk\u0131na, Suriye h\u00fck\u00fcmetinin depremden etkilenenler i\u00e7in kurtarma ve yard\u0131m operasyonlar\u0131ndaki \u00e7abalar\u0131n\u0131 desteklemek i\u00e7in yard\u0131m g\u00f6nderdikleri i\u00e7in te\u015fekk\u00fcr etti.<\/p>\n<p>&nbsp;<\/p>\n<p>R.M.<\/p>\n<p><a href=\"https:\/\/t.me\/SuriyeArapHaberAjansI\">Telegram Kanal\u0131m\u0131z\u00a0<\/a><\/p>\n<p><a href=\"https:\/\/www.facebook.com\/SANAHaberAjansi\/\">Facebook Sayfam\u0131z<\/a><\/p>\n","protected":false},"excerpt":{"rendered":"<p>\u015eAM &#8211; \u0130ran Cumhurba\u015fkan\u0131 \u0130brahim Reisi, \u0130ran \u0130slam Cumhuriyeti&#8217;nin y\u0131k\u0131c\u0131 depremin ard\u0131ndan maruz kald\u0131\u011f\u0131 \u00e7etin s\u0131navda Suriye&#8217;nin yan\u0131nda oldu\u011funu vurgulayarak, t\u00fcm Suriyelilere en i\u00e7ten taziyelerini ve ba\u015fsa\u011fl\u0131\u011f\u0131 ifade etti ve yaral\u0131lara acil \u015fifalar diledi. \u0130ran cumhurba\u015fkan\u0131, bu \u00f6\u011fleden sonra Cumhurba\u015fkan\u0131 Be\u015far Esad ile yapt\u0131\u011f\u0131 telefon g\u00f6r\u00fc\u015fmesinde, iki \u00fclkeyi birbirine ba\u011flayan stratejik ili\u015fkiler ve insani ilkeler &hellip;<\/p>\n","protected":false},"author":41,"featured_media":273290,"comment_status":"closed","ping_status":"closed","sticky":false,"template":"","format":"standard","meta":{"footnotes":""},"categories":[479,17988,478],"tags":[],"class_list":["post-273289","post","type-post","status-publish","format-standard","has-post-thumbnail","","category-haberler-yerel","category-son-haberler","category-yerel"],"_links":{"self":[{"href":"https:\/\/archive.sana.sy\/tr\/index.php?rest_route=\/wp\/v2\/posts\/273289","targetHints":{"allow":["GET"]}}],"collection":[{"href":"https:\/\/archive.sana.sy\/tr\/index.php?rest_route=\/wp\/v2\/posts"}],"about":[{"href":"https:\/\/archive.sana.sy\/tr\/index.php?rest_route=\/wp\/v2\/types\/post"}],"author":[{"embeddable":true,"href":"https:\/\/archive.sana.sy\/tr\/index.php?rest_route=\/wp\/v2\/users\/41"}],"replies":[{"embeddable":true,"href":"https:\/\/archive.sana.sy\/tr\/index.php?rest_route=%2Fwp%2Fv2%2Fcomments&post=273289"}],"version-history":[{"count":0,"href":"https:\/\/archive.sana.sy\/tr\/index.php?rest_route=\/wp\/v2\/posts\/273289\/revisions"}],"wp:featuredmedia":[{"embeddable":true,"href":"https:\/\/archive.sana.sy\/tr\/index.php?rest_route=\/wp\/v2\/media\/273290"}],"wp:attachment":[{"href":"https:\/\/archive.sana.sy\/tr\/index.php?rest_route=%2Fwp%2Fv2%2Fmedia&parent=273289"}],"wp:term":[{"taxonomy":"category","embeddable":true,"href":"https:\/\/archive.sana.sy\/tr\/index.php?rest_route=%2Fwp%2Fv2%2Fcategories&post=273289"},{"taxonomy":"post_tag","embeddable":true,"href":"https:\/\/archive.sana.sy\/tr\/index.php?rest_route=%2Fwp%2Fv2%2Ftags&post=273289"}],"curies":[{"name":"wp","href":"https:\/\/api.w.org\/{rel}","templated":true}]}}