{"id":273292,"date":"2023-02-07T15:03:54","date_gmt":"2023-02-07T13:03:54","guid":{"rendered":"https:\/\/sana.sy\/tr\/?p=273292"},"modified":"2023-02-08T07:11:34","modified_gmt":"2023-02-08T05:11:34","slug":"lubnan-bayindirlik-ve-ulastirma-bakani-ve-irak-icisleri-tumgeneral-rahmun-ile-yaptigi-telefon-gorusmesinde-ulkelerinin-suriyenin-yaninda-oldugunu-vurguladilar","status":"publish","type":"post","link":"https:\/\/archive.sana.sy\/tr\/?p=273292","title":{"rendered":"L\u00fcbnan Bay\u0131nd\u0131rl\u0131k ve Ula\u015ft\u0131rma Bakan\u0131 Ve Irak \u0130\u00e7i\u015fleri, T\u00fcmgeneral Rahmun \u0130le Yapt\u0131\u011f\u0131 Telefon G\u00f6r\u00fc\u015fmesinde \u00dclkelerinin Suriye&#8217;nin Yan\u0131nda Oldu\u011funu Vurgulad\u0131lar"},"content":{"rendered":"<p><strong>\u015eAM<\/strong> &#8211; L\u00fcbnan Bay\u0131nd\u0131rl\u0131k ve Ula\u015ft\u0131rma Bakan\u0131 Ali Humayya, \u0130\u00e7i\u015fleri Bakan\u0131 T\u00fcmgeneral Muhammed El Rahmun&#8217;u telefonla arayarak depremzedelere ba\u015fsa\u011fl\u0131\u011f\u0131 ve taziyelerini iletti.<\/p>\n<p>T\u00fcmgeneral Al-Rahmon, Irak \u0130\u00e7i\u015fleri Bakan\u0131 Korgeneral Abdulamir El \u015eimari&#8217;den de bu olayda Suriye&#8217;nin yan\u0131nda oldu\u011funu vurgulad\u0131\u011f\u0131 ve yaral\u0131lara acil \u015fifalar diledi\u011fi bir telefon ald\u0131.<\/p>\n<p>&nbsp;<\/p>\n<p>R.M.<\/p>\n<p><a href=\"https:\/\/t.me\/SuriyeArapHaberAjansI\">Telegram Kanal\u0131m\u0131z\u00a0<\/a><\/p>\n<p><a href=\"https:\/\/www.facebook.com\/SANAHaberAjansi\/\">Facebook Sayfam\u0131z<\/a><\/p>\n","protected":false},"excerpt":{"rendered":"<p>\u015eAM &#8211; L\u00fcbnan Bay\u0131nd\u0131rl\u0131k ve Ula\u015ft\u0131rma Bakan\u0131 Ali Humayya, \u0130\u00e7i\u015fleri Bakan\u0131 T\u00fcmgeneral Muhammed El Rahmun&#8217;u telefonla arayarak depremzedelere ba\u015fsa\u011fl\u0131\u011f\u0131 ve taziyelerini iletti. T\u00fcmgeneral Al-Rahmon, Irak \u0130\u00e7i\u015fleri Bakan\u0131 Korgeneral Abdulamir El \u015eimari&#8217;den de bu olayda Suriye&#8217;nin yan\u0131nda oldu\u011funu vurgulad\u0131\u011f\u0131 ve yaral\u0131lara acil \u015fifalar diledi\u011fi bir telefon ald\u0131. &nbsp; R.M. Telegram Kanal\u0131m\u0131z\u00a0 Facebook Sayfam\u0131z<\/p>\n","protected":false},"author":41,"featured_media":273294,"comment_status":"closed","ping_status":"closed","sticky":false,"template":"","format":"standard","meta":{"footnotes":""},"categories":[479,17988,478],"tags":[],"class_list":["post-273292","post","type-post","status-publish","format-standard","has-post-thumbnail","","category-haberler-yerel","category-son-haberler","category-yerel"],"_links":{"self":[{"href":"https:\/\/archive.sana.sy\/tr\/index.php?rest_route=\/wp\/v2\/posts\/273292","targetHints":{"allow":["GET"]}}],"collection":[{"href":"https:\/\/archive.sana.sy\/tr\/index.php?rest_route=\/wp\/v2\/posts"}],"about":[{"href":"https:\/\/archive.sana.sy\/tr\/index.php?rest_route=\/wp\/v2\/types\/post"}],"author":[{"embeddable":true,"href":"https:\/\/archive.sana.sy\/tr\/index.php?rest_route=\/wp\/v2\/users\/41"}],"replies":[{"embeddable":true,"href":"https:\/\/archive.sana.sy\/tr\/index.php?rest_route=%2Fwp%2Fv2%2Fcomments&post=273292"}],"version-history":[{"count":0,"href":"https:\/\/archive.sana.sy\/tr\/index.php?rest_route=\/wp\/v2\/posts\/273292\/revisions"}],"wp:featuredmedia":[{"embeddable":true,"href":"https:\/\/archive.sana.sy\/tr\/index.php?rest_route=\/wp\/v2\/media\/273294"}],"wp:attachment":[{"href":"https:\/\/archive.sana.sy\/tr\/index.php?rest_route=%2Fwp%2Fv2%2Fmedia&parent=273292"}],"wp:term":[{"taxonomy":"category","embeddable":true,"href":"https:\/\/archive.sana.sy\/tr\/index.php?rest_route=%2Fwp%2Fv2%2Fcategories&post=273292"},{"taxonomy":"post_tag","embeddable":true,"href":"https:\/\/archive.sana.sy\/tr\/index.php?rest_route=%2Fwp%2Fv2%2Ftags&post=273292"}],"curies":[{"name":"wp","href":"https:\/\/api.w.org\/{rel}","templated":true}]}}