{"id":273296,"date":"2023-02-07T15:14:31","date_gmt":"2023-02-07T13:14:31","guid":{"rendered":"https:\/\/sana.sy\/tr\/?p=273296"},"modified":"2023-02-07T15:18:07","modified_gmt":"2023-02-07T13:18:07","slug":"17-ton-yardim-yuklu-cezayir-ucagi-halep-havalimanina-geldi-2","status":"publish","type":"post","link":"https:\/\/archive.sana.sy\/tr\/?p=273296","title":{"rendered":"17 Ton Yard\u0131m y\u00fckl\u00fc Cezayir U\u00e7a\u011f\u0131 Halep Havaliman\u0131&#8217;na Geldi"},"content":{"rendered":"<p><strong><img loading=\"lazy\" decoding=\"async\" class=\" wp-image-273298 alignright\" src=\"http:\/\/sana.sy\/tr\/wp-content\/uploads\/2023\/02\/11-8-300x200-2.jpg\" alt=\"\" width=\"234\" height=\"156\" srcset=\"https:\/\/archive.sana.sy\/tr\/wp-content\/uploads\/2023\/02\/11-8-300x200-2.jpg 300w, https:\/\/archive.sana.sy\/tr\/wp-content\/uploads\/2023\/02\/11-8-300x200-2-150x100.jpg 150w\" sizes=\"auto, (max-width: 234px) 100vw, 234px\" \/>HALEP<\/strong> &#8211; Cezayir&#8217;e ait bir yard\u0131m u\u00e7a\u011f\u0131, arama kurtarma operasyonlar\u0131na kat\u0131lmak \u00fczere 17 ton insani yard\u0131m ve sivil koruma timi ile Halep Uluslararas\u0131 Havaliman\u0131&#8217;na bu sabah geldi.<\/p>\n<p>Cezayir u\u00e7u\u015funun komutan\u0131 Albay Mucahid Gad, \u2018\u2019U\u00e7ak, Cezayir&#8217;den karde\u015f Suriye&#8217;ye g\u00f6nderilen bir kurtarma ekibi ve insani yard\u0131m ta\u015f\u0131yor\u2019\u2019 diyerek, Suriye devletinin bu \u00e7ileden bir an \u00f6nce \u00e7\u0131kmas\u0131n\u0131 temenni ediyor, bu trajedinin ard\u0131ndan hayat\u0131n\u0131 kaybedenlerin ailelerine ba\u015fsa\u011fl\u0131\u011f\u0131 diledi.<\/p>\n<p>&nbsp;<\/p>\n<p>R.M.<\/p>\n<p><a href=\"https:\/\/t.me\/SuriyeArapHaberAjansI\">Telegram Kanal\u0131m\u0131z\u00a0<\/a><\/p>\n<p><a href=\"https:\/\/www.facebook.com\/SANAHaberAjansi\/\">Facebook Sayfam\u0131z<\/a><\/p>\n<p>&nbsp;<\/p>\n<p>&nbsp;<\/p>\n","protected":false},"excerpt":{"rendered":"<p>HALEP &#8211; Cezayir&#8217;e ait bir yard\u0131m u\u00e7a\u011f\u0131, arama kurtarma operasyonlar\u0131na kat\u0131lmak \u00fczere 17 ton insani yard\u0131m ve sivil koruma timi ile Halep Uluslararas\u0131 Havaliman\u0131&#8217;na bu sabah geldi. Cezayir u\u00e7u\u015funun komutan\u0131 Albay Mucahid Gad, \u2018\u2019U\u00e7ak, Cezayir&#8217;den karde\u015f Suriye&#8217;ye g\u00f6nderilen bir kurtarma ekibi ve insani yard\u0131m ta\u015f\u0131yor\u2019\u2019 diyerek, Suriye devletinin bu \u00e7ileden bir an \u00f6nce \u00e7\u0131kmas\u0131n\u0131 temenni &hellip;<\/p>\n","protected":false},"author":41,"featured_media":273297,"comment_status":"closed","ping_status":"closed","sticky":false,"template":"","format":"standard","meta":{"footnotes":""},"categories":[1],"tags":[],"class_list":["post-273296","post","type-post","status-publish","format-standard","has-post-thumbnail","","category-news-not-sorted"],"_links":{"self":[{"href":"https:\/\/archive.sana.sy\/tr\/index.php?rest_route=\/wp\/v2\/posts\/273296","targetHints":{"allow":["GET"]}}],"collection":[{"href":"https:\/\/archive.sana.sy\/tr\/index.php?rest_route=\/wp\/v2\/posts"}],"about":[{"href":"https:\/\/archive.sana.sy\/tr\/index.php?rest_route=\/wp\/v2\/types\/post"}],"author":[{"embeddable":true,"href":"https:\/\/archive.sana.sy\/tr\/index.php?rest_route=\/wp\/v2\/users\/41"}],"replies":[{"embeddable":true,"href":"https:\/\/archive.sana.sy\/tr\/index.php?rest_route=%2Fwp%2Fv2%2Fcomments&post=273296"}],"version-history":[{"count":0,"href":"https:\/\/archive.sana.sy\/tr\/index.php?rest_route=\/wp\/v2\/posts\/273296\/revisions"}],"wp:featuredmedia":[{"embeddable":true,"href":"https:\/\/archive.sana.sy\/tr\/index.php?rest_route=\/wp\/v2\/media\/273297"}],"wp:attachment":[{"href":"https:\/\/archive.sana.sy\/tr\/index.php?rest_route=%2Fwp%2Fv2%2Fmedia&parent=273296"}],"wp:term":[{"taxonomy":"category","embeddable":true,"href":"https:\/\/archive.sana.sy\/tr\/index.php?rest_route=%2Fwp%2Fv2%2Fcategories&post=273296"},{"taxonomy":"post_tag","embeddable":true,"href":"https:\/\/archive.sana.sy\/tr\/index.php?rest_route=%2Fwp%2Fv2%2Ftags&post=273296"}],"curies":[{"name":"wp","href":"https:\/\/api.w.org\/{rel}","templated":true}]}}