{"id":273301,"date":"2023-02-07T15:40:39","date_gmt":"2023-02-07T13:40:39","guid":{"rendered":"https:\/\/sana.sy\/tr\/?p=273301"},"modified":"2023-02-08T07:11:42","modified_gmt":"2023-02-08T05:11:42","slug":"lazkiyedeki-hasarli-bolgelerde-molozlari-kaldirmak-ve-kayip-kisileri-aramak-icin-hukumet-ve-yerel-cabalar-devam-ediyor","status":"publish","type":"post","link":"https:\/\/archive.sana.sy\/tr\/?p=273301","title":{"rendered":"Lazkiye&#8217;deki Hasarl\u0131 B\u00f6lgelerde Molozlar\u0131 Kald\u0131rmak Ve Kay\u0131p Ki\u015fileri Aramak \u0130\u00e7in H\u00fck\u00fcmet Ve Yerel \u00c7abalar Devam Ediyor"},"content":{"rendered":"<p><strong>LAZK\u0130YE<\/strong> &#8211; Lazkiye Valili\u011fi&#8217;ndeki depremden etkilenen b\u00f6lgelerde molozlar\u0131n kald\u0131r\u0131lmas\u0131 ve kay\u0131p \u015fah\u0131slar\u0131n aranmas\u0131 i\u00e7in h\u00fck\u00fcmet ve yerel \u00e7abalar devam ediyor.<\/p>\n<p><img loading=\"lazy\" decoding=\"async\" class=\"size-full wp-image-273303 alignright\" src=\"http:\/\/sana.sy\/tr\/wp-content\/uploads\/2023\/02\/IMG_20230207_115054-1-300x200-1.jpg\" alt=\"\" width=\"300\" height=\"200\" srcset=\"https:\/\/archive.sana.sy\/tr\/wp-content\/uploads\/2023\/02\/IMG_20230207_115054-1-300x200-1.jpg 300w, https:\/\/archive.sana.sy\/tr\/wp-content\/uploads\/2023\/02\/IMG_20230207_115054-1-300x200-1-150x100.jpg 150w\" sizes=\"auto, (max-width: 300px) 100vw, 300px\" \/>Lazkiye Kent Konseyi Ba\u015fkan\u0131 M\u00fchendis H\u00fcseyin Zencerli, SANA muhabirine yapt\u0131\u011f\u0131 a\u00e7\u0131klamada, ilk saatlerden itibaren belediye meclisinin at\u00f6lyelerinin heyelanl\u0131 b\u00f6lgelere gitti\u011fini, \u00f6zel sekt\u00f6r\u00fcn kat\u0131l\u0131m\u0131yla valilik mekanizmalar\u0131 ve m\u00fchendislik firmalar\u0131n\u0131n da\u011f\u0131t\u0131ld\u0131\u011f\u0131n\u0131 vurgulad\u0131.<\/p>\n<p>Zencerli, kentte 20&#8217;ye yak\u0131n y\u0131k\u0131lm\u0131\u015f binan\u0131n bulundu\u011funu, moloz kald\u0131rma, tahliye ve kay\u0131p \u015fah\u0131slar\u0131 arama \u00e7al\u0131\u015fmalar\u0131n\u0131n h\u00fck\u00fcmet ve \u00f6zel kurulu\u015flar ile sivil toplumun kat\u0131l\u0131m\u0131yla devam etti\u011fini bildirdi.<\/p>\n<p>Zencerli ayr\u0131ca, d\u00fcn yakla\u015f\u0131k 25 ki\u015fi tahliye edildi\u011fine ve kay\u0131p ki\u015fileri arama \u00e7al\u0131\u015fmalar\u0131 s\u00fcrd\u00fc\u011f\u00fcne i\u015faret ederek,\u00a0 Duvvar El Yemen K\u00f6pr\u00fcs\u00fc&#8217;n\u00fcn alt\u0131ndan 70 ki\u015finin daha tahliye edilip El Vahda \u00a0ve Usame bin Zaid okuluna aktar\u0131ld\u0131\u011f\u0131n\u0131 belirtti.<\/p>\n<div id='gallery-1' class='gallery galleryid-273301 gallery-columns-1 gallery-size-full'><figure class='gallery-item'>\n\t\t\t<div class='gallery-icon landscape'>\n\t\t\t\t<a href='https:\/\/archive.sana.sy\/tr\/?attachment_id=273305'><img loading=\"lazy\" decoding=\"async\" width=\"660\" height=\"440\" src=\"https:\/\/archive.sana.sy\/tr\/wp-content\/uploads\/2023\/02\/IMG_20230207_120522-3-1.jpg\" class=\"attachment-full size-full\" alt=\"\" aria-describedby=\"gallery-1-273305\" srcset=\"https:\/\/archive.sana.sy\/tr\/wp-content\/uploads\/2023\/02\/IMG_20230207_120522-3-1.jpg 660w, https:\/\/archive.sana.sy\/tr\/wp-content\/uploads\/2023\/02\/IMG_20230207_120522-3-1-300x200.jpg 300w, https:\/\/archive.sana.sy\/tr\/wp-content\/uploads\/2023\/02\/IMG_20230207_120522-3-1-150x100.jpg 150w\" sizes=\"auto, (max-width: 660px) 100vw, 660px\" \/><\/a>\n\t\t\t<\/div>\n\t\t\t\t<figcaption class='wp-caption-text gallery-caption' id='gallery-1-273305'>\n\t\t\t\tdav\n\t\t\t\t<\/figcaption><\/figure>\n\t\t<\/div>\n\n<p>R.M.<\/p>\n<p><a href=\"https:\/\/t.me\/SuriyeArapHaberAjansI\">Telegram Kanal\u0131m\u0131z\u00a0<\/a><\/p>\n<p><a href=\"https:\/\/www.facebook.com\/SANAHaberAjansi\/\">Facebook Sayfam\u0131z<\/a><\/p>\n","protected":false},"excerpt":{"rendered":"<p>LAZK\u0130YE &#8211; Lazkiye Valili\u011fi&#8217;ndeki depremden etkilenen b\u00f6lgelerde molozlar\u0131n kald\u0131r\u0131lmas\u0131 ve kay\u0131p \u015fah\u0131slar\u0131n aranmas\u0131 i\u00e7in h\u00fck\u00fcmet ve yerel \u00e7abalar devam ediyor. Lazkiye Kent Konseyi Ba\u015fkan\u0131 M\u00fchendis H\u00fcseyin Zencerli, SANA muhabirine yapt\u0131\u011f\u0131 a\u00e7\u0131klamada, ilk saatlerden itibaren belediye meclisinin at\u00f6lyelerinin heyelanl\u0131 b\u00f6lgelere gitti\u011fini, \u00f6zel sekt\u00f6r\u00fcn kat\u0131l\u0131m\u0131yla valilik mekanizmalar\u0131 ve m\u00fchendislik firmalar\u0131n\u0131n da\u011f\u0131t\u0131ld\u0131\u011f\u0131n\u0131 vurgulad\u0131. Zencerli, kentte 20&#8217;ye yak\u0131n y\u0131k\u0131lm\u0131\u015f &hellip;<\/p>\n","protected":false},"author":41,"featured_media":273302,"comment_status":"closed","ping_status":"closed","sticky":false,"template":"","format":"standard","meta":{"footnotes":""},"categories":[458,459,17988],"tags":[],"class_list":["post-273301","post","type-post","status-publish","format-standard","has-post-thumbnail","","category-dunya1","category-haberler-arap-uluslararasi-politika","category-son-haberler"],"_links":{"self":[{"href":"https:\/\/archive.sana.sy\/tr\/index.php?rest_route=\/wp\/v2\/posts\/273301","targetHints":{"allow":["GET"]}}],"collection":[{"href":"https:\/\/archive.sana.sy\/tr\/index.php?rest_route=\/wp\/v2\/posts"}],"about":[{"href":"https:\/\/archive.sana.sy\/tr\/index.php?rest_route=\/wp\/v2\/types\/post"}],"author":[{"embeddable":true,"href":"https:\/\/archive.sana.sy\/tr\/index.php?rest_route=\/wp\/v2\/users\/41"}],"replies":[{"embeddable":true,"href":"https:\/\/archive.sana.sy\/tr\/index.php?rest_route=%2Fwp%2Fv2%2Fcomments&post=273301"}],"version-history":[{"count":0,"href":"https:\/\/archive.sana.sy\/tr\/index.php?rest_route=\/wp\/v2\/posts\/273301\/revisions"}],"wp:featuredmedia":[{"embeddable":true,"href":"https:\/\/archive.sana.sy\/tr\/index.php?rest_route=\/wp\/v2\/media\/273302"}],"wp:attachment":[{"href":"https:\/\/archive.sana.sy\/tr\/index.php?rest_route=%2Fwp%2Fv2%2Fmedia&parent=273301"}],"wp:term":[{"taxonomy":"category","embeddable":true,"href":"https:\/\/archive.sana.sy\/tr\/index.php?rest_route=%2Fwp%2Fv2%2Fcategories&post=273301"},{"taxonomy":"post_tag","embeddable":true,"href":"https:\/\/archive.sana.sy\/tr\/index.php?rest_route=%2Fwp%2Fv2%2Ftags&post=273301"}],"curies":[{"name":"wp","href":"https:\/\/api.w.org\/{rel}","templated":true}]}}