{"id":273307,"date":"2023-02-07T15:50:21","date_gmt":"2023-02-07T13:50:21","guid":{"rendered":"https:\/\/sana.sy\/tr\/?p=273307"},"modified":"2023-02-09T08:25:03","modified_gmt":"2023-02-09T05:25:03","slug":"cezayir-ve-misir-cumhurbaskanlari-cumhurbaskani-esada-ve-suriye-halkina-bassagligi-diledi","status":"publish","type":"post","link":"https:\/\/archive.sana.sy\/tr\/?p=273307","title":{"rendered":"Cezayir Ve M\u0131s\u0131r cumhurba\u015fkanlar\u0131, Cumhurba\u015fkan\u0131 Esad&#8217;a Ve Suriye Halk\u0131na Ba\u015fsa\u011fl\u0131\u011f\u0131 Diledi"},"content":{"rendered":"<p><strong>\u015eAM<\/strong> &#8211; Cezayir Cumhurba\u015fkan\u0131 Abdulmecid Tebbun, bu \u00f6\u011fleden sonra Cumhurba\u015fkan\u0131 Be\u015far Esad ile yapt\u0131\u011f\u0131 telefon g\u00f6r\u00fc\u015fmesinde, Suriye&#8217;yi vuran deprem kurbanlar\u0131 i\u00e7in makam\u0131na ve Suriye halk\u0131na en i\u00e7ten ba\u015fsa\u011fl\u0131\u011f\u0131 diledi ve Cezayir&#8217;in Suriye ile dayan\u0131\u015fma ve duru\u015funu ve bu ac\u0131 trajedinin ve etkilerinin ciddiyetini hafifletmek i\u00e7in her t\u00fcrl\u00fc \u00e7abay\u0131 g\u00f6stermeye tam haz\u0131r oldu\u011funu vurgulad\u0131.<\/p>\n<p>Cumhurba\u015fkan\u0131 Esad, Cezayir h\u00fck\u00fcmetine ve halk\u0131na, etkilenen b\u00f6lgelerdeki insanlara yard\u0131m sa\u011flanmas\u0131na katk\u0131da bulunmak i\u00e7in arama kurtarma operasyonlar\u0131na kat\u0131lmak \u00fczere sivil koruma ekipleri ve insani yard\u0131m u\u00e7aklar\u0131 g\u00f6nderdikleri i\u00e7in te\u015fekk\u00fcr etti.<\/p>\n<p>Cumhurba\u015fkan\u0131 Esad ayr\u0131ca M\u0131s\u0131r Cumhurba\u015fkan\u0131 Abulfattah El Sisi&#8217;den M\u0131s\u0131r&#8217;\u0131n Suriye ve karde\u015f halk\u0131yla dayan\u0131\u015fmas\u0131n\u0131 ve Suriye halk\u0131n\u0131n bu ac\u0131 felaketin \u00fcstesinden gelmesine yard\u0131mc\u0131 olmak i\u00e7in yard\u0131m sa\u011flamaya istekli oldu\u011funu vurgulad\u0131\u011f\u0131 bir telefon ald\u0131.<\/p>\n<p>Cumhurba\u015fkan\u0131 El Sisi, y\u00fczlerce kurban i\u00e7in en i\u00e7ten ba\u015fsa\u011fl\u0131\u011f\u0131 ve yaral\u0131lara acil \u015fifalar diledi.<\/p>\n<p>Cumhurba\u015fkan\u0131 Esad da iki \u00fclke ve iki karde\u015f halk aras\u0131ndaki karde\u015f\u00e7e ili\u015fkileri ifade eden bu tutumundan dolay\u0131 M\u0131s\u0131r Arap Cumhuriyeti&#8217;ne te\u015fekk\u00fcr etti.<\/p>\n<p>&nbsp;<\/p>\n<p>R.M.<\/p>\n<p><a href=\"https:\/\/t.me\/SuriyeArapHaberAjansI\">Telegram Kanal\u0131m\u0131z\u00a0<\/a><\/p>\n<p><a href=\"https:\/\/www.facebook.com\/SANAHaberAjansi\/\">Facebook Sayfam\u0131z<\/a><\/p>\n","protected":false},"excerpt":{"rendered":"<p>\u015eAM &#8211; Cezayir Cumhurba\u015fkan\u0131 Abdulmecid Tebbun, bu \u00f6\u011fleden sonra Cumhurba\u015fkan\u0131 Be\u015far Esad ile yapt\u0131\u011f\u0131 telefon g\u00f6r\u00fc\u015fmesinde, Suriye&#8217;yi vuran deprem kurbanlar\u0131 i\u00e7in makam\u0131na ve Suriye halk\u0131na en i\u00e7ten ba\u015fsa\u011fl\u0131\u011f\u0131 diledi ve Cezayir&#8217;in Suriye ile dayan\u0131\u015fma ve duru\u015funu ve bu ac\u0131 trajedinin ve etkilerinin ciddiyetini hafifletmek i\u00e7in her t\u00fcrl\u00fc \u00e7abay\u0131 g\u00f6stermeye tam haz\u0131r oldu\u011funu vurgulad\u0131. Cumhurba\u015fkan\u0131 Esad, &hellip;<\/p>\n","protected":false},"author":41,"featured_media":273309,"comment_status":"closed","ping_status":"closed","sticky":false,"template":"","format":"standard","meta":{"footnotes":""},"categories":[605,17988],"tags":[],"class_list":["post-273307","post","type-post","status-publish","format-standard","has-post-thumbnail","","category-sayin-cumhurbaskani","category-son-haberler"],"_links":{"self":[{"href":"https:\/\/archive.sana.sy\/tr\/index.php?rest_route=\/wp\/v2\/posts\/273307","targetHints":{"allow":["GET"]}}],"collection":[{"href":"https:\/\/archive.sana.sy\/tr\/index.php?rest_route=\/wp\/v2\/posts"}],"about":[{"href":"https:\/\/archive.sana.sy\/tr\/index.php?rest_route=\/wp\/v2\/types\/post"}],"author":[{"embeddable":true,"href":"https:\/\/archive.sana.sy\/tr\/index.php?rest_route=\/wp\/v2\/users\/41"}],"replies":[{"embeddable":true,"href":"https:\/\/archive.sana.sy\/tr\/index.php?rest_route=%2Fwp%2Fv2%2Fcomments&post=273307"}],"version-history":[{"count":0,"href":"https:\/\/archive.sana.sy\/tr\/index.php?rest_route=\/wp\/v2\/posts\/273307\/revisions"}],"wp:featuredmedia":[{"embeddable":true,"href":"https:\/\/archive.sana.sy\/tr\/index.php?rest_route=\/wp\/v2\/media\/273309"}],"wp:attachment":[{"href":"https:\/\/archive.sana.sy\/tr\/index.php?rest_route=%2Fwp%2Fv2%2Fmedia&parent=273307"}],"wp:term":[{"taxonomy":"category","embeddable":true,"href":"https:\/\/archive.sana.sy\/tr\/index.php?rest_route=%2Fwp%2Fv2%2Fcategories&post=273307"},{"taxonomy":"post_tag","embeddable":true,"href":"https:\/\/archive.sana.sy\/tr\/index.php?rest_route=%2Fwp%2Fv2%2Ftags&post=273307"}],"curies":[{"name":"wp","href":"https:\/\/api.w.org\/{rel}","templated":true}]}}