{"id":273371,"date":"2023-02-08T08:32:48","date_gmt":"2023-02-08T06:32:48","guid":{"rendered":"https:\/\/sana.sy\/tr\/?p=273371"},"modified":"2023-02-09T08:27:04","modified_gmt":"2023-02-09T05:27:04","slug":"insani-yardim-tasiyan-bae-ve-hint-ucaklari-halep-havalimanina-geldi","status":"publish","type":"post","link":"https:\/\/archive.sana.sy\/tr\/?p=273371","title":{"rendered":"\u0130nsani Yard\u0131m Ta\u015f\u0131yan BAE, Hint ve \u00dcrd\u00fcn 3 U\u00e7a\u011f\u0131 \u015eam Havaliman\u0131\u2019na Geldi \u201cV\u0130DEO\u201d"},"content":{"rendered":"<p>\u015eAM \u2013 Depremden etkilenenler i\u00e7in insani ve t\u0131bbi yard\u0131m ta\u015f\u0131yan iki BAE ve bir Hint u\u00e7a\u011f\u0131 \u015eam Uluslararas\u0131 Havaliman\u0131&#8217;na geldi.<\/p>\n<p>Hindistan&#8217;\u0131n \u015eam B\u00fcy\u00fckel\u00e7ili\u011fi Maslahatg\u00fczar\u0131 Satinder Kumar Yadav, SANA muhabirine yapt\u0131\u011f\u0131 a\u00e7\u0131klamada, \u00f6n\u00fcm\u00fczdeki 24 saat i\u00e7inde gelecek olan t\u0131bbi yard\u0131m malzemelerini ta\u015f\u0131yan ba\u015fka bir yard\u0131m u\u00e7a\u011f\u0131n\u0131n haz\u0131rland\u0131\u011f\u0131n\u0131 belirtti.<\/p>\n<p>SANA muhabiri, Hindistan&#8217;dan gelen yard\u0131m u\u00e7a\u011f\u0131n\u0131n yakla\u015f\u0131k 6 ton t\u0131bbi malzeme ve ila\u00e7 ta\u015f\u0131d\u0131\u011f\u0131n\u0131 bildirdi.<\/p>\n<p><a href=\"https:\/\/t.me\/SuriyeArapHaberAjansI\">Telegram Kanal\u0131m\u0131z\u00a0<\/a><\/p>\n<p><a href=\"https:\/\/www.facebook.com\/SANAHaberAjansi\/\">Facebook Sayfam\u0131z<\/a><\/p>\n<p><iframe loading=\"lazy\" title=\"\u0637\u0627\u0626\u0631\u0629 \u0625\u0645\u0627\u0631\u0627\u062a\u064a\u0629 \u062c\u062f\u064a\u062f\u0629 \u0645\u062d\u0645\u0644\u0629 \u0628\u0627\u0644\u0645\u0633\u0627\u0639\u062f\u0627\u062a \u0627\u0644\u0625\u0646\u0633\u0627\u0646\u064a\u0629\" src=\"https:\/\/www.youtube.com\/embed\/VdVb_pY1pn0\" width=\"620\" height=\"348\" frameborder=\"0\" allowfullscreen=\"allowfullscreen\"><\/iframe><\/p>\n","protected":false},"excerpt":{"rendered":"<p>\u015eAM \u2013 Depremden etkilenenler i\u00e7in insani ve t\u0131bbi yard\u0131m ta\u015f\u0131yan iki BAE ve bir Hint u\u00e7a\u011f\u0131 \u015eam Uluslararas\u0131 Havaliman\u0131&#8217;na geldi. Hindistan&#8217;\u0131n \u015eam B\u00fcy\u00fckel\u00e7ili\u011fi Maslahatg\u00fczar\u0131 Satinder Kumar Yadav, SANA muhabirine yapt\u0131\u011f\u0131 a\u00e7\u0131klamada, \u00f6n\u00fcm\u00fczdeki 24 saat i\u00e7inde gelecek olan t\u0131bbi yard\u0131m malzemelerini ta\u015f\u0131yan ba\u015fka bir yard\u0131m u\u00e7a\u011f\u0131n\u0131n haz\u0131rland\u0131\u011f\u0131n\u0131 belirtti. SANA muhabiri, Hindistan&#8217;dan gelen yard\u0131m u\u00e7a\u011f\u0131n\u0131n yakla\u015f\u0131k 6 &hellip;<\/p>\n","protected":false},"author":36,"featured_media":273372,"comment_status":"closed","ping_status":"closed","sticky":false,"template":"","format":"standard","meta":{"footnotes":""},"categories":[479,17988,478],"tags":[],"class_list":["post-273371","post","type-post","status-publish","format-standard","has-post-thumbnail","","category-haberler-yerel","category-son-haberler","category-yerel"],"_links":{"self":[{"href":"https:\/\/archive.sana.sy\/tr\/index.php?rest_route=\/wp\/v2\/posts\/273371","targetHints":{"allow":["GET"]}}],"collection":[{"href":"https:\/\/archive.sana.sy\/tr\/index.php?rest_route=\/wp\/v2\/posts"}],"about":[{"href":"https:\/\/archive.sana.sy\/tr\/index.php?rest_route=\/wp\/v2\/types\/post"}],"author":[{"embeddable":true,"href":"https:\/\/archive.sana.sy\/tr\/index.php?rest_route=\/wp\/v2\/users\/36"}],"replies":[{"embeddable":true,"href":"https:\/\/archive.sana.sy\/tr\/index.php?rest_route=%2Fwp%2Fv2%2Fcomments&post=273371"}],"version-history":[{"count":0,"href":"https:\/\/archive.sana.sy\/tr\/index.php?rest_route=\/wp\/v2\/posts\/273371\/revisions"}],"wp:featuredmedia":[{"embeddable":true,"href":"https:\/\/archive.sana.sy\/tr\/index.php?rest_route=\/wp\/v2\/media\/273372"}],"wp:attachment":[{"href":"https:\/\/archive.sana.sy\/tr\/index.php?rest_route=%2Fwp%2Fv2%2Fmedia&parent=273371"}],"wp:term":[{"taxonomy":"category","embeddable":true,"href":"https:\/\/archive.sana.sy\/tr\/index.php?rest_route=%2Fwp%2Fv2%2Fcategories&post=273371"},{"taxonomy":"post_tag","embeddable":true,"href":"https:\/\/archive.sana.sy\/tr\/index.php?rest_route=%2Fwp%2Fv2%2Ftags&post=273371"}],"curies":[{"name":"wp","href":"https:\/\/api.w.org\/{rel}","templated":true}]}}