{"id":273374,"date":"2023-02-08T08:36:54","date_gmt":"2023-02-08T06:36:54","guid":{"rendered":"https:\/\/sana.sy\/tr\/?p=273374"},"modified":"2023-02-09T14:02:34","modified_gmt":"2023-02-09T11:02:34","slug":"acil-eylem-plani-2","status":"publish","type":"post","link":"https:\/\/archive.sana.sy\/tr\/?p=273374","title":{"rendered":"Acil Eylem Plan\u0131"},"content":{"rendered":"<p>Bakanlar Kurulu\u2019nun Cumhurba\u015fkan\u0131 Be\u015f\u015far Esad\u2019\u0131n ba\u015fkanl\u0131\u011f\u0131nda Suriye\u2019yi vuran depremin yans\u0131malar\u0131yla ilgili yapt\u0131\u011f\u0131 ola\u011fan\u00fcst\u00fc toplant\u0131da ulusal d\u00fczeyde ba\u015flat\u0131lan acil eylem plan\u0131 kapsam\u0131nda al\u0131nan tedbirler.<\/p>\n<p><span style=\"color: #0000ff;\">Bakanlar Kurulu Ba\u015fkanl\u0131\u011f\u0131:<\/span><\/p>\n<ul>\n<li>M\u00fchendis Arnus, Lazkiye&#8217;deki Soufan Camii&#8217;nde misafir edilen ailelerin durumlar\u0131n\u0131, ihtiya\u00e7lar\u0131n\u0131 ve kendilerine verilen hizmetleri inceledi.<\/li>\n<\/ul>\n<p><span style=\"color: #0000ff;\">Yerel Y\u00f6netim ve \u00c7evre Bakanl\u0131\u011f\u0131:<\/span><\/p>\n<ul>\n<li>Yerel Y\u00f6netim ve \u00c7evre Bakan Yard\u0131mc\u0131s\u0131: Uluslararas\u0131 \u015eam Havaliman\u0131&#8217;na gelen yard\u0131m malzemeleri depremden etkilenen vilayetlere derhal sevk edilecek ve bakanl\u0131k b\u00fcnyesindeki operasyon odas\u0131 t\u00fcm \u00e7al\u0131\u015fmalar\u0131 an be an takip ediyor.<\/li>\n<\/ul>\n<p><span style=\"color: #0000ff;\">S\u00fcveyde Halk\u0131:<\/span><\/p>\n<ul>\n<li>S\u00fcveyde vilayetinin halk\u0131 taraf\u0131ndan sa\u011flanan g\u0131da ve yard\u0131m malzemeleri y\u00fckl\u00fc 3 otomobilin depremden etkilenen Halep vilayetinde ya\u015fayanlar i\u00e7in g\u00f6nderildi<\/li>\n<\/ul>\n","protected":false},"excerpt":{"rendered":"<p>Bakanlar Kurulu\u2019nun Cumhurba\u015fkan\u0131 Be\u015f\u015far Esad\u2019\u0131n ba\u015fkanl\u0131\u011f\u0131nda Suriye\u2019yi vuran depremin yans\u0131malar\u0131yla ilgili yapt\u0131\u011f\u0131 ola\u011fan\u00fcst\u00fc toplant\u0131da ulusal d\u00fczeyde ba\u015flat\u0131lan acil eylem plan\u0131 kapsam\u0131nda al\u0131nan tedbirler. Bakanlar Kurulu Ba\u015fkanl\u0131\u011f\u0131: M\u00fchendis Arnus, Lazkiye&#8217;deki Soufan Camii&#8217;nde misafir edilen ailelerin durumlar\u0131n\u0131, ihtiya\u00e7lar\u0131n\u0131 ve kendilerine verilen hizmetleri inceledi. Yerel Y\u00f6netim ve \u00c7evre Bakanl\u0131\u011f\u0131: Yerel Y\u00f6netim ve \u00c7evre Bakan Yard\u0131mc\u0131s\u0131: Uluslararas\u0131 \u015eam Havaliman\u0131&#8217;na &hellip;<\/p>\n","protected":false},"author":36,"featured_media":273375,"comment_status":"closed","ping_status":"closed","sticky":false,"template":"","format":"standard","meta":{"footnotes":""},"categories":[479,17988,478],"tags":[],"class_list":["post-273374","post","type-post","status-publish","format-standard","has-post-thumbnail","","category-haberler-yerel","category-son-haberler","category-yerel"],"_links":{"self":[{"href":"https:\/\/archive.sana.sy\/tr\/index.php?rest_route=\/wp\/v2\/posts\/273374","targetHints":{"allow":["GET"]}}],"collection":[{"href":"https:\/\/archive.sana.sy\/tr\/index.php?rest_route=\/wp\/v2\/posts"}],"about":[{"href":"https:\/\/archive.sana.sy\/tr\/index.php?rest_route=\/wp\/v2\/types\/post"}],"author":[{"embeddable":true,"href":"https:\/\/archive.sana.sy\/tr\/index.php?rest_route=\/wp\/v2\/users\/36"}],"replies":[{"embeddable":true,"href":"https:\/\/archive.sana.sy\/tr\/index.php?rest_route=%2Fwp%2Fv2%2Fcomments&post=273374"}],"version-history":[{"count":0,"href":"https:\/\/archive.sana.sy\/tr\/index.php?rest_route=\/wp\/v2\/posts\/273374\/revisions"}],"wp:featuredmedia":[{"embeddable":true,"href":"https:\/\/archive.sana.sy\/tr\/index.php?rest_route=\/wp\/v2\/media\/273375"}],"wp:attachment":[{"href":"https:\/\/archive.sana.sy\/tr\/index.php?rest_route=%2Fwp%2Fv2%2Fmedia&parent=273374"}],"wp:term":[{"taxonomy":"category","embeddable":true,"href":"https:\/\/archive.sana.sy\/tr\/index.php?rest_route=%2Fwp%2Fv2%2Fcategories&post=273374"},{"taxonomy":"post_tag","embeddable":true,"href":"https:\/\/archive.sana.sy\/tr\/index.php?rest_route=%2Fwp%2Fv2%2Ftags&post=273374"}],"curies":[{"name":"wp","href":"https:\/\/api.w.org\/{rel}","templated":true}]}}