{"id":273431,"date":"2023-02-08T09:51:15","date_gmt":"2023-02-08T07:51:15","guid":{"rendered":"https:\/\/sana.sy\/tr\/?p=273431"},"modified":"2023-02-08T09:51:15","modified_gmt":"2023-02-08T07:51:15","slug":"lazkiye-valiligi-genel-sekreteri-refet-muhammed-sana-muhabirine-valilikteki-depremzede-sayisi-506-hayatini-kaybetti-ve-792-yaraliya-yukselirken-coken-bina-sayisi-102ye-ulasti","status":"publish","type":"post","link":"https:\/\/archive.sana.sy\/tr\/?p=273431","title":{"rendered":"Lazkiye Valili\u011fi Genel Sekreteri Refet Muhammed, SANA muhabirine: Valilikteki depremzede say\u0131s\u0131 506 hayat\u0131n\u0131 kaybetti ve 792 yaral\u0131ya y\u00fckselirken, \u00e7\u00f6ken bina say\u0131s\u0131 102&#8217;ye ula\u015ft\u0131."},"content":{"rendered":"<p>Lazkiye Valili\u011fi Genel Sekreteri Refet Muhammed, SANA muhabirine: Valilikteki depremzede say\u0131s\u0131 506 hayat\u0131n\u0131 kaybetti ve 792 yaral\u0131ya y\u00fckselirken, \u00e7\u00f6ken bina say\u0131s\u0131 102&#8217;ye ula\u015ft\u0131.<\/p>\n","protected":false},"excerpt":{"rendered":"<p>Lazkiye Valili\u011fi Genel Sekreteri Refet Muhammed, SANA muhabirine: Valilikteki depremzede say\u0131s\u0131 506 hayat\u0131n\u0131 kaybetti ve 792 yaral\u0131ya y\u00fckselirken, \u00e7\u00f6ken bina say\u0131s\u0131 102&#8217;ye ula\u015ft\u0131.<\/p>\n","protected":false},"author":36,"featured_media":0,"comment_status":"closed","ping_status":"closed","sticky":false,"template":"","format":"standard","meta":{"footnotes":""},"categories":[17991],"tags":[],"class_list":["post-273431","post","type-post","status-publish","format-standard","","category-son-dakika"],"_links":{"self":[{"href":"https:\/\/archive.sana.sy\/tr\/index.php?rest_route=\/wp\/v2\/posts\/273431","targetHints":{"allow":["GET"]}}],"collection":[{"href":"https:\/\/archive.sana.sy\/tr\/index.php?rest_route=\/wp\/v2\/posts"}],"about":[{"href":"https:\/\/archive.sana.sy\/tr\/index.php?rest_route=\/wp\/v2\/types\/post"}],"author":[{"embeddable":true,"href":"https:\/\/archive.sana.sy\/tr\/index.php?rest_route=\/wp\/v2\/users\/36"}],"replies":[{"embeddable":true,"href":"https:\/\/archive.sana.sy\/tr\/index.php?rest_route=%2Fwp%2Fv2%2Fcomments&post=273431"}],"version-history":[{"count":0,"href":"https:\/\/archive.sana.sy\/tr\/index.php?rest_route=\/wp\/v2\/posts\/273431\/revisions"}],"wp:attachment":[{"href":"https:\/\/archive.sana.sy\/tr\/index.php?rest_route=%2Fwp%2Fv2%2Fmedia&parent=273431"}],"wp:term":[{"taxonomy":"category","embeddable":true,"href":"https:\/\/archive.sana.sy\/tr\/index.php?rest_route=%2Fwp%2Fv2%2Fcategories&post=273431"},{"taxonomy":"post_tag","embeddable":true,"href":"https:\/\/archive.sana.sy\/tr\/index.php?rest_route=%2Fwp%2Fv2%2Ftags&post=273431"}],"curies":[{"name":"wp","href":"https:\/\/api.w.org\/{rel}","templated":true}]}}