{"id":273443,"date":"2023-02-08T10:15:31","date_gmt":"2023-02-08T08:15:31","guid":{"rendered":"https:\/\/sana.sy\/tr\/?p=273443"},"modified":"2023-02-09T08:27:12","modified_gmt":"2023-02-09T05:27:12","slug":"umman-sultanligi-suriyeye-yardim-ve-tibbi-malzeme-tasimak-icin-bir-hava-koprusu-isletmektedir","status":"publish","type":"post","link":"https:\/\/archive.sana.sy\/tr\/?p=273443","title":{"rendered":"Umman Sultanl\u0131\u011f\u0131 \u0130lkyard\u0131m ve T\u0131bbi Malzemeleri Ta\u015f\u0131mada Hava Koridoru A\u00e7t\u0131"},"content":{"rendered":"<p><strong>MASKAT \u2013<\/strong> Umman Sultanl\u0131\u011f\u0131, \u00f6nceki g\u00fcn meydana gelen depremin yans\u0131malar\u0131yla y\u00fczle\u015fmeye yard\u0131mc\u0131 olmak i\u00e7in bug\u00fcn t\u0131bbi ve yard\u0131m malzemelerinin Suriye&#8217;ye ta\u015f\u0131nmas\u0131 i\u00e7in bir hava koridoru a\u00e7t\u0131\u011f\u0131n\u0131 ilan etti.<\/p>\n<p>Umman Haber Ajans\u0131, &#8220;Umman Sultanl\u0131\u011f\u0131, Sultan Haytham bin Tar\u0131k&#8217;\u0131n talimatlar\u0131 do\u011frultusunda Suriye Arap Cumhuriyeti&#8217;ni vuran depremden etkilenen b\u00f6lgelere yard\u0131m ve t\u0131bbi malzeme ta\u015f\u0131mak i\u00e7in bir hava koridoru a\u00e7t\u0131\u011f\u0131n\u0131 belirtti.<\/p>\n<p><a href=\"https:\/\/t.me\/SuriyeArapHaberAjansI\">Telegram Kanal\u0131m\u0131z\u00a0<\/a><\/p>\n<p><a href=\"https:\/\/www.facebook.com\/SANAHaberAjansi\/\">Facebook Sayfam\u0131z<\/a><\/p>\n","protected":false},"excerpt":{"rendered":"<p>MASKAT \u2013 Umman Sultanl\u0131\u011f\u0131, \u00f6nceki g\u00fcn meydana gelen depremin yans\u0131malar\u0131yla y\u00fczle\u015fmeye yard\u0131mc\u0131 olmak i\u00e7in bug\u00fcn t\u0131bbi ve yard\u0131m malzemelerinin Suriye&#8217;ye ta\u015f\u0131nmas\u0131 i\u00e7in bir hava koridoru a\u00e7t\u0131\u011f\u0131n\u0131 ilan etti. Umman Haber Ajans\u0131, &#8220;Umman Sultanl\u0131\u011f\u0131, Sultan Haytham bin Tar\u0131k&#8217;\u0131n talimatlar\u0131 do\u011frultusunda Suriye Arap Cumhuriyeti&#8217;ni vuran depremden etkilenen b\u00f6lgelere yard\u0131m ve t\u0131bbi malzeme ta\u015f\u0131mak i\u00e7in bir hava koridoru &hellip;<\/p>\n","protected":false},"author":36,"featured_media":273444,"comment_status":"closed","ping_status":"closed","sticky":false,"template":"","format":"standard","meta":{"footnotes":""},"categories":[458,459,17988],"tags":[],"class_list":["post-273443","post","type-post","status-publish","format-standard","has-post-thumbnail","","category-dunya1","category-haberler-arap-uluslararasi-politika","category-son-haberler"],"_links":{"self":[{"href":"https:\/\/archive.sana.sy\/tr\/index.php?rest_route=\/wp\/v2\/posts\/273443","targetHints":{"allow":["GET"]}}],"collection":[{"href":"https:\/\/archive.sana.sy\/tr\/index.php?rest_route=\/wp\/v2\/posts"}],"about":[{"href":"https:\/\/archive.sana.sy\/tr\/index.php?rest_route=\/wp\/v2\/types\/post"}],"author":[{"embeddable":true,"href":"https:\/\/archive.sana.sy\/tr\/index.php?rest_route=\/wp\/v2\/users\/36"}],"replies":[{"embeddable":true,"href":"https:\/\/archive.sana.sy\/tr\/index.php?rest_route=%2Fwp%2Fv2%2Fcomments&post=273443"}],"version-history":[{"count":0,"href":"https:\/\/archive.sana.sy\/tr\/index.php?rest_route=\/wp\/v2\/posts\/273443\/revisions"}],"wp:featuredmedia":[{"embeddable":true,"href":"https:\/\/archive.sana.sy\/tr\/index.php?rest_route=\/wp\/v2\/media\/273444"}],"wp:attachment":[{"href":"https:\/\/archive.sana.sy\/tr\/index.php?rest_route=%2Fwp%2Fv2%2Fmedia&parent=273443"}],"wp:term":[{"taxonomy":"category","embeddable":true,"href":"https:\/\/archive.sana.sy\/tr\/index.php?rest_route=%2Fwp%2Fv2%2Fcategories&post=273443"},{"taxonomy":"post_tag","embeddable":true,"href":"https:\/\/archive.sana.sy\/tr\/index.php?rest_route=%2Fwp%2Fv2%2Ftags&post=273443"}],"curies":[{"name":"wp","href":"https:\/\/api.w.org\/{rel}","templated":true}]}}