{"id":273464,"date":"2023-02-08T10:49:20","date_gmt":"2023-02-08T08:49:20","guid":{"rendered":"https:\/\/sana.sy\/tr\/?p=273464"},"modified":"2023-02-08T10:49:56","modified_gmt":"2023-02-08T08:49:56","slug":"halep-valiligi-meclisi-icra-dairesi-baskan-yardimcisi-kumit-assi-el-seyh-sana-muhabirine-halepin-el-masarika-mahallesindeki-enkaz-altindan-7-kisi-canli-olarak-cikarildi","status":"publish","type":"post","link":"https:\/\/archive.sana.sy\/tr\/?p=273464","title":{"rendered":"Halep Valili\u011fi Meclisi \u0130cra Dairesi Ba\u015fkan Yard\u0131mc\u0131s\u0131 Kumit Assi El \u015eeyh, SANA muhabirine: Halep&#8217;in El Ma\u015far\u0131ka Mahallesi&#8217;ndeki enkaz alt\u0131ndan 7 ki\u015fi canl\u0131 olarak \u00e7\u0131kar\u0131ld\u0131"},"content":{"rendered":"","protected":false},"excerpt":{"rendered":"","protected":false},"author":39,"featured_media":0,"comment_status":"closed","ping_status":"closed","sticky":false,"template":"","format":"standard","meta":{"footnotes":""},"categories":[17991],"tags":[],"class_list":["post-273464","post","type-post","status-publish","format-standard","","category-son-dakika"],"_links":{"self":[{"href":"https:\/\/archive.sana.sy\/tr\/index.php?rest_route=\/wp\/v2\/posts\/273464","targetHints":{"allow":["GET"]}}],"collection":[{"href":"https:\/\/archive.sana.sy\/tr\/index.php?rest_route=\/wp\/v2\/posts"}],"about":[{"href":"https:\/\/archive.sana.sy\/tr\/index.php?rest_route=\/wp\/v2\/types\/post"}],"author":[{"embeddable":true,"href":"https:\/\/archive.sana.sy\/tr\/index.php?rest_route=\/wp\/v2\/users\/39"}],"replies":[{"embeddable":true,"href":"https:\/\/archive.sana.sy\/tr\/index.php?rest_route=%2Fwp%2Fv2%2Fcomments&post=273464"}],"version-history":[{"count":0,"href":"https:\/\/archive.sana.sy\/tr\/index.php?rest_route=\/wp\/v2\/posts\/273464\/revisions"}],"wp:attachment":[{"href":"https:\/\/archive.sana.sy\/tr\/index.php?rest_route=%2Fwp%2Fv2%2Fmedia&parent=273464"}],"wp:term":[{"taxonomy":"category","embeddable":true,"href":"https:\/\/archive.sana.sy\/tr\/index.php?rest_route=%2Fwp%2Fv2%2Fcategories&post=273464"},{"taxonomy":"post_tag","embeddable":true,"href":"https:\/\/archive.sana.sy\/tr\/index.php?rest_route=%2Fwp%2Fv2%2Ftags&post=273464"}],"curies":[{"name":"wp","href":"https:\/\/api.w.org\/{rel}","templated":true}]}}