{"id":273467,"date":"2023-02-08T10:56:58","date_gmt":"2023-02-08T08:56:58","guid":{"rendered":"https:\/\/sana.sy\/tr\/?p=273467"},"modified":"2023-02-09T08:27:19","modified_gmt":"2023-02-09T05:27:19","slug":"umman-sultanligindaki-suriye-buyukelciligi-depremden-etkilenenler-icin-bagis-kampanyasi-baslatti","status":"publish","type":"post","link":"https:\/\/archive.sana.sy\/tr\/?p=273467","title":{"rendered":"Umman Sultanl\u0131\u011f\u0131&#8217;ndaki Suriye B\u00fcy\u00fckel\u00e7ili\u011fi, Depremden Etkilenenler \u0130\u00e7in Ba\u011f\u0131\u015f Kampanyas\u0131 Ba\u015flatt\u0131"},"content":{"rendered":"<p><strong>MASKAT \u2013<\/strong> Y\u00fczlerce ki\u015finin \u00f6l\u00fcm\u00fcne ve yaralanmas\u0131na neden olan depremden etkilenenlere yard\u0131m kampanyas\u0131 ba\u015flatmak i\u00e7in el\u00e7ili\u011fin yapt\u0131\u011f\u0131 ba\u011f\u0131\u015f kampanyas\u0131na yan\u0131t olarak, Suriye toplumunun d\u00fczinelerce \u00fcyesi Umman&#8217;\u0131n ba\u015fkenti Maskat&#8217;taki Suriye b\u00fcy\u00fckel\u00e7ili\u011fi karargah\u0131na ak\u0131n etti.<\/p>\n<p><img loading=\"lazy\" decoding=\"async\" class=\"size-medium wp-image-273468 alignright\" src=\"http:\/\/sana.sy\/tr\/wp-content\/uploads\/2023\/02\/13-300x150.jpg\" alt=\"\" width=\"300\" height=\"150\" srcset=\"https:\/\/archive.sana.sy\/tr\/wp-content\/uploads\/2023\/02\/13-300x150.jpg 300w, https:\/\/archive.sana.sy\/tr\/wp-content\/uploads\/2023\/02\/13-150x75.jpg 150w, https:\/\/archive.sana.sy\/tr\/wp-content\/uploads\/2023\/02\/13.jpg 660w\" sizes=\"auto, (max-width: 300px) 100vw, 300px\" \/>Suriye&#8217;nin Maskat B\u00fcy\u00fckel\u00e7isi Dr. \u0130dris Miya, toplulu\u011fa hitaben yapt\u0131\u011f\u0131 konu\u015fmada: &#8220;Hepimizin \u00fclkenin b\u00fcy\u00fck \u0131st\u0131rab\u0131n\u0131 payla\u015ft\u0131\u011f\u0131m\u0131zdan tamamen eminiz ve \u015fimdi harekete ge\u00e7me zaman\u0131 ve siz Suriye toplumu olarak anavatan Suriye&#8217;nin yan\u0131nda birlikte durmaya davet ediyorum&#8221; dedi.<\/p>\n<p>Miya, ba\u011f\u0131\u015f fonunun a\u00e7\u0131lmas\u0131na ve bu ba\u011f\u0131\u015flar\u0131 organize etmek ve denetlemek i\u00e7in el\u00e7ilik \u00fcyelerinden olu\u015fan bir komitenin tahsisine at\u0131fta bulundu.<\/p>\n<p><a href=\"https:\/\/t.me\/SuriyeArapHaberAjansI\">Telegram Kanal\u0131m\u0131z\u00a0<\/a><\/p>\n<p><a href=\"https:\/\/www.facebook.com\/SANAHaberAjansi\/\">Facebook Sayfam\u0131z<\/a><\/p>\n","protected":false},"excerpt":{"rendered":"<p>MASKAT \u2013 Y\u00fczlerce ki\u015finin \u00f6l\u00fcm\u00fcne ve yaralanmas\u0131na neden olan depremden etkilenenlere yard\u0131m kampanyas\u0131 ba\u015flatmak i\u00e7in el\u00e7ili\u011fin yapt\u0131\u011f\u0131 ba\u011f\u0131\u015f kampanyas\u0131na yan\u0131t olarak, Suriye toplumunun d\u00fczinelerce \u00fcyesi Umman&#8217;\u0131n ba\u015fkenti Maskat&#8217;taki Suriye b\u00fcy\u00fckel\u00e7ili\u011fi karargah\u0131na ak\u0131n etti. Suriye&#8217;nin Maskat B\u00fcy\u00fckel\u00e7isi Dr. \u0130dris Miya, toplulu\u011fa hitaben yapt\u0131\u011f\u0131 konu\u015fmada: &#8220;Hepimizin \u00fclkenin b\u00fcy\u00fck \u0131st\u0131rab\u0131n\u0131 payla\u015ft\u0131\u011f\u0131m\u0131zdan tamamen eminiz ve \u015fimdi harekete ge\u00e7me zaman\u0131 &hellip;<\/p>\n","protected":false},"author":36,"featured_media":273469,"comment_status":"closed","ping_status":"closed","sticky":false,"template":"","format":"standard","meta":{"footnotes":""},"categories":[458,459,17988],"tags":[],"class_list":["post-273467","post","type-post","status-publish","format-standard","has-post-thumbnail","","category-dunya1","category-haberler-arap-uluslararasi-politika","category-son-haberler"],"_links":{"self":[{"href":"https:\/\/archive.sana.sy\/tr\/index.php?rest_route=\/wp\/v2\/posts\/273467","targetHints":{"allow":["GET"]}}],"collection":[{"href":"https:\/\/archive.sana.sy\/tr\/index.php?rest_route=\/wp\/v2\/posts"}],"about":[{"href":"https:\/\/archive.sana.sy\/tr\/index.php?rest_route=\/wp\/v2\/types\/post"}],"author":[{"embeddable":true,"href":"https:\/\/archive.sana.sy\/tr\/index.php?rest_route=\/wp\/v2\/users\/36"}],"replies":[{"embeddable":true,"href":"https:\/\/archive.sana.sy\/tr\/index.php?rest_route=%2Fwp%2Fv2%2Fcomments&post=273467"}],"version-history":[{"count":0,"href":"https:\/\/archive.sana.sy\/tr\/index.php?rest_route=\/wp\/v2\/posts\/273467\/revisions"}],"wp:featuredmedia":[{"embeddable":true,"href":"https:\/\/archive.sana.sy\/tr\/index.php?rest_route=\/wp\/v2\/media\/273469"}],"wp:attachment":[{"href":"https:\/\/archive.sana.sy\/tr\/index.php?rest_route=%2Fwp%2Fv2%2Fmedia&parent=273467"}],"wp:term":[{"taxonomy":"category","embeddable":true,"href":"https:\/\/archive.sana.sy\/tr\/index.php?rest_route=%2Fwp%2Fv2%2Fcategories&post=273467"},{"taxonomy":"post_tag","embeddable":true,"href":"https:\/\/archive.sana.sy\/tr\/index.php?rest_route=%2Fwp%2Fv2%2Ftags&post=273467"}],"curies":[{"name":"wp","href":"https:\/\/api.w.org\/{rel}","templated":true}]}}