{"id":273473,"date":"2023-02-08T11:06:50","date_gmt":"2023-02-08T09:06:50","guid":{"rendered":"https:\/\/sana.sy\/tr\/?p=273473"},"modified":"2023-02-09T08:27:26","modified_gmt":"2023-02-09T05:27:26","slug":"misustin-arnusa-taziye-telgrafinda-rusya-suriyeye-tum-destegi-saglayacak","status":"publish","type":"post","link":"https:\/\/archive.sana.sy\/tr\/?p=273473","title":{"rendered":"Mi\u015fustin, Arnus&#8217;a Taziye Telgraf\u0131nda: Rusya, Suriye&#8217;ye T\u00fcm Deste\u011fi Sa\u011flayacak"},"content":{"rendered":"<p>\u015eAM \u2013 Rusya Federasyonu Ba\u015fbakan\u0131 Mihail Mi\u015fustin, Suriye&#8217;yi vuran, insan kay\u0131plar\u0131na ve yayg\u0131n y\u0131k\u0131ma yol a\u00e7an depremin yol a\u00e7t\u0131\u011f\u0131 b\u00fcy\u00fck hasarla ilgili olarak Rus h\u00fck\u00fcmeti ve kendi ad\u0131na Ba\u015fbakan M\u00fch. H\u00fcseyin Arnus&#8217;a en i\u00e7ten ba\u015fsa\u011fl\u0131\u011f\u0131 dileklerini iletti.<\/p>\n<p>Mi\u015fustin, M\u00fchendis Arnus&#8217;a g\u00f6nderdi\u011fi telgrafta, &#8220;Rus taraf\u0131, bu trajedinin etkilerini ortadan kald\u0131rmak i\u00e7in Suriye&#8217;deki ortaklar\u0131na destek ve yard\u0131m sa\u011flamaya haz\u0131r&#8221; dedi.<\/p>\n<p>Mi\u015fustin \u201ckurbanlar\u0131n aileleri ve yak\u0131nlar\u0131 i\u00e7in en i\u00e7ten destek ve ba\u015fsa\u011fl\u0131\u011f\u0131 dileklerini ifade ederek, yaral\u0131lara acil \u015fifalar diliyoruz\u201d dedi.<\/p>\n<p><a href=\"https:\/\/t.me\/SuriyeArapHaberAjansI\">Telegram Kanal\u0131m\u0131z\u00a0<\/a><\/p>\n<p><a href=\"https:\/\/www.facebook.com\/SANAHaberAjansi\/\">Facebook Sayfam\u0131z<\/a><\/p>\n","protected":false},"excerpt":{"rendered":"<p>\u015eAM \u2013 Rusya Federasyonu Ba\u015fbakan\u0131 Mihail Mi\u015fustin, Suriye&#8217;yi vuran, insan kay\u0131plar\u0131na ve yayg\u0131n y\u0131k\u0131ma yol a\u00e7an depremin yol a\u00e7t\u0131\u011f\u0131 b\u00fcy\u00fck hasarla ilgili olarak Rus h\u00fck\u00fcmeti ve kendi ad\u0131na Ba\u015fbakan M\u00fch. H\u00fcseyin Arnus&#8217;a en i\u00e7ten ba\u015fsa\u011fl\u0131\u011f\u0131 dileklerini iletti. Mi\u015fustin, M\u00fchendis Arnus&#8217;a g\u00f6nderdi\u011fi telgrafta, &#8220;Rus taraf\u0131, bu trajedinin etkilerini ortadan kald\u0131rmak i\u00e7in Suriye&#8217;deki ortaklar\u0131na destek ve yard\u0131m &hellip;<\/p>\n","protected":false},"author":36,"featured_media":273474,"comment_status":"closed","ping_status":"closed","sticky":false,"template":"","format":"standard","meta":{"footnotes":""},"categories":[479,17988,478],"tags":[],"class_list":["post-273473","post","type-post","status-publish","format-standard","has-post-thumbnail","","category-haberler-yerel","category-son-haberler","category-yerel"],"_links":{"self":[{"href":"https:\/\/archive.sana.sy\/tr\/index.php?rest_route=\/wp\/v2\/posts\/273473","targetHints":{"allow":["GET"]}}],"collection":[{"href":"https:\/\/archive.sana.sy\/tr\/index.php?rest_route=\/wp\/v2\/posts"}],"about":[{"href":"https:\/\/archive.sana.sy\/tr\/index.php?rest_route=\/wp\/v2\/types\/post"}],"author":[{"embeddable":true,"href":"https:\/\/archive.sana.sy\/tr\/index.php?rest_route=\/wp\/v2\/users\/36"}],"replies":[{"embeddable":true,"href":"https:\/\/archive.sana.sy\/tr\/index.php?rest_route=%2Fwp%2Fv2%2Fcomments&post=273473"}],"version-history":[{"count":0,"href":"https:\/\/archive.sana.sy\/tr\/index.php?rest_route=\/wp\/v2\/posts\/273473\/revisions"}],"wp:featuredmedia":[{"embeddable":true,"href":"https:\/\/archive.sana.sy\/tr\/index.php?rest_route=\/wp\/v2\/media\/273474"}],"wp:attachment":[{"href":"https:\/\/archive.sana.sy\/tr\/index.php?rest_route=%2Fwp%2Fv2%2Fmedia&parent=273473"}],"wp:term":[{"taxonomy":"category","embeddable":true,"href":"https:\/\/archive.sana.sy\/tr\/index.php?rest_route=%2Fwp%2Fv2%2Fcategories&post=273473"},{"taxonomy":"post_tag","embeddable":true,"href":"https:\/\/archive.sana.sy\/tr\/index.php?rest_route=%2Fwp%2Fv2%2Ftags&post=273473"}],"curies":[{"name":"wp","href":"https:\/\/api.w.org\/{rel}","templated":true}]}}