{"id":273476,"date":"2023-02-08T13:58:13","date_gmt":"2023-02-08T10:58:13","guid":{"rendered":"https:\/\/sana.sy\/tr\/?p=273476"},"modified":"2023-02-09T08:27:30","modified_gmt":"2023-02-09T05:27:30","slug":"suriyeyi-desteklemek-icin-cinde-populer-ve-kurumsal-bagis-kampanyalari-baslatildi","status":"publish","type":"post","link":"https:\/\/archive.sana.sy\/tr\/?p=273476","title":{"rendered":"Suriye&#8217;yi Desteklemek \u0130\u00e7in \u00c7in&#8217;de Pop\u00fcler Ve Kurumsal Ba\u011f\u0131\u015f Kampanyalar\u0131 Ba\u015flat\u0131ld\u0131"},"content":{"rendered":"<p>PEK\u0130N \u2013 \u00c7in halk\u0131n\u0131n deste\u011finin ve Suriye&#8217;nin i\u00e7inden ge\u00e7mekte oldu\u011fu zor durumun a\u015f\u0131lmas\u0131na verdi\u011fi deste\u011fin ifadesi olarak, \u00c7in&#8217;de, Suriye toplulu\u011fu ve Pekin&#8217;deki b\u00fcy\u00fckel\u00e7ilik ile i\u015fbirli\u011fi i\u00e7inde, malzeme ve ayni ba\u011f\u0131\u015f toplamak i\u00e7in pop\u00fcler ve kurumsal kampanyalar ba\u015flat\u0131ld\u0131.<\/p>\n<p>Suriye&#8217;nin \u00c7in B\u00fcy\u00fckel\u00e7isi Muhammed Hassaneyn Hhaddam, Suriye toplumunun temsilcileriyle yapt\u0131\u011f\u0131 g\u00f6r\u00fc\u015fmede Suriye&#8217;ye m\u00fcmk\u00fcn olan en k\u0131sa s\u00fcrede yard\u0131m ula\u015ft\u0131rma mekanizmas\u0131n\u0131 g\u00f6r\u00fc\u015ft\u00fc.<\/p>\n<p>Bir\u00e7ok \u00c7inli \u015fahsiyet, \u00f6nceki g\u00fcn Suriye&#8217;yi vuran depremin yans\u0131malar\u0131 kar\u015f\u0131s\u0131nda Suriye&#8217;yle tam dayan\u0131\u015fma i\u00e7inde olduklar\u0131n\u0131 ifade ederek, Suriye&#8217;ye uygulanan haks\u0131z Bat\u0131 ablukas\u0131n\u0131n kald\u0131r\u0131lmas\u0131 \u00e7a\u011fr\u0131s\u0131nda bulundu.<\/p>\n<p><a href=\"https:\/\/t.me\/SuriyeArapHaberAjansI\">Telegram Kanal\u0131m\u0131z\u00a0<\/a><\/p>\n<p><a href=\"https:\/\/www.facebook.com\/SANAHaberAjansi\/\">Facebook Sayfam\u0131z<\/a><\/p>\n<p>&nbsp;<\/p>\n","protected":false},"excerpt":{"rendered":"<p>PEK\u0130N \u2013 \u00c7in halk\u0131n\u0131n deste\u011finin ve Suriye&#8217;nin i\u00e7inden ge\u00e7mekte oldu\u011fu zor durumun a\u015f\u0131lmas\u0131na verdi\u011fi deste\u011fin ifadesi olarak, \u00c7in&#8217;de, Suriye toplulu\u011fu ve Pekin&#8217;deki b\u00fcy\u00fckel\u00e7ilik ile i\u015fbirli\u011fi i\u00e7inde, malzeme ve ayni ba\u011f\u0131\u015f toplamak i\u00e7in pop\u00fcler ve kurumsal kampanyalar ba\u015flat\u0131ld\u0131. Suriye&#8217;nin \u00c7in B\u00fcy\u00fckel\u00e7isi Muhammed Hassaneyn Hhaddam, Suriye toplumunun temsilcileriyle yapt\u0131\u011f\u0131 g\u00f6r\u00fc\u015fmede Suriye&#8217;ye m\u00fcmk\u00fcn olan en k\u0131sa s\u00fcrede yard\u0131m &hellip;<\/p>\n","protected":false},"author":36,"featured_media":273481,"comment_status":"closed","ping_status":"closed","sticky":false,"template":"","format":"standard","meta":{"footnotes":""},"categories":[458,459,17988],"tags":[],"class_list":["post-273476","post","type-post","status-publish","format-standard","has-post-thumbnail","","category-dunya1","category-haberler-arap-uluslararasi-politika","category-son-haberler"],"_links":{"self":[{"href":"https:\/\/archive.sana.sy\/tr\/index.php?rest_route=\/wp\/v2\/posts\/273476","targetHints":{"allow":["GET"]}}],"collection":[{"href":"https:\/\/archive.sana.sy\/tr\/index.php?rest_route=\/wp\/v2\/posts"}],"about":[{"href":"https:\/\/archive.sana.sy\/tr\/index.php?rest_route=\/wp\/v2\/types\/post"}],"author":[{"embeddable":true,"href":"https:\/\/archive.sana.sy\/tr\/index.php?rest_route=\/wp\/v2\/users\/36"}],"replies":[{"embeddable":true,"href":"https:\/\/archive.sana.sy\/tr\/index.php?rest_route=%2Fwp%2Fv2%2Fcomments&post=273476"}],"version-history":[{"count":0,"href":"https:\/\/archive.sana.sy\/tr\/index.php?rest_route=\/wp\/v2\/posts\/273476\/revisions"}],"wp:featuredmedia":[{"embeddable":true,"href":"https:\/\/archive.sana.sy\/tr\/index.php?rest_route=\/wp\/v2\/media\/273481"}],"wp:attachment":[{"href":"https:\/\/archive.sana.sy\/tr\/index.php?rest_route=%2Fwp%2Fv2%2Fmedia&parent=273476"}],"wp:term":[{"taxonomy":"category","embeddable":true,"href":"https:\/\/archive.sana.sy\/tr\/index.php?rest_route=%2Fwp%2Fv2%2Fcategories&post=273476"},{"taxonomy":"post_tag","embeddable":true,"href":"https:\/\/archive.sana.sy\/tr\/index.php?rest_route=%2Fwp%2Fv2%2Ftags&post=273476"}],"curies":[{"name":"wp","href":"https:\/\/api.w.org\/{rel}","templated":true}]}}