{"id":273516,"date":"2023-02-08T15:29:19","date_gmt":"2023-02-08T12:29:19","guid":{"rendered":"https:\/\/sana.sy\/tr\/?p=273516"},"modified":"2023-02-09T08:30:09","modified_gmt":"2023-02-09T05:30:09","slug":"arnus-tum-taraflar-arasindaki-uyumlu-cabalar-isbirligi-ve-koordinasyon-depremin-etkilerinin-hafifletilmesine-katkida-bulunuyor","status":"publish","type":"post","link":"https:\/\/archive.sana.sy\/tr\/?p=273516","title":{"rendered":"Arnus: T\u00fcm Taraflar Aras\u0131ndaki Uyumlu \u00c7abalar, \u0130\u015fbirli\u011fi Ve Koordinasyon, Depremin Etkilerinin Hafifletilmesine Katk\u0131da Bulunuyor"},"content":{"rendered":"<p><strong>HAMA \u2013<\/strong> Ba\u015fbakan M\u00fch. H\u00fcseyin Arnus, Hama Valili\u011fine yapt\u0131\u011f\u0131 ziyarette, h\u00fck\u00fcmet ve \u00f6zel kurulu\u015flar ile sivil toplum aras\u0131ndaki uyumlu \u00e7abalar, i\u015fbirli\u011fi ve koordinasyonun depremin etkilerinin hafifletilmesine ve \u00e7etin s\u0131nav\u0131n a\u015f\u0131lmas\u0131na katk\u0131da bulundu\u011funu belirtti.<\/p>\n<p>Hama ilindeki yetkilerle yapt\u0131\u011f\u0131 g\u00f6r\u00fc\u015fmede Arnus, kurtarma operasyonlar\u0131 i\u00e7in her t\u00fcrl\u00fc \u00e7abay\u0131 harcamay\u0131 ve etkilenen insanlara hizmet etmeyi vurgularken, depremden etkilenen valiliklerdeki \u00e7al\u0131\u015fma kurullar\u0131n\u0131n hasarl\u0131 ve \u00e7atlak binalar\u0131n incelemesine dayal\u0131 olarak \u00f6n ihtiya\u00e7 de\u011ferlendirmesi yapmas\u0131 gerekti\u011fine i\u015faret etti.<\/p>\n<p>Ba\u015fbakan, Sa\u011fl\u0131k Bakan\u0131 Dr. Hassan El \u011eabba\u015f ve Hama Valisi Dr. Mahmoud Zanbua, depremde evleri hasar g\u00f6ren insanlar\u0131n g\u00fcvenli\u011fini kontrol etmek i\u00e7in Hama kentindeki sa\u011f\u0131r ve dilsizler i\u00e7in ge\u00e7ici bar\u0131na\u011f\u0131 ziyaret etti.<\/p>\n<p><a href=\"https:\/\/t.me\/SuriyeArapHaberAjansI\">Telegram Kanal\u0131m\u0131z\u00a0<\/a><\/p>\n<p><a href=\"https:\/\/www.facebook.com\/SANAHaberAjansi\/\">Facebook Sayfam\u0131z<\/a><\/p>\n","protected":false},"excerpt":{"rendered":"<p>HAMA \u2013 Ba\u015fbakan M\u00fch. H\u00fcseyin Arnus, Hama Valili\u011fine yapt\u0131\u011f\u0131 ziyarette, h\u00fck\u00fcmet ve \u00f6zel kurulu\u015flar ile sivil toplum aras\u0131ndaki uyumlu \u00e7abalar, i\u015fbirli\u011fi ve koordinasyonun depremin etkilerinin hafifletilmesine ve \u00e7etin s\u0131nav\u0131n a\u015f\u0131lmas\u0131na katk\u0131da bulundu\u011funu belirtti. Hama ilindeki yetkilerle yapt\u0131\u011f\u0131 g\u00f6r\u00fc\u015fmede Arnus, kurtarma operasyonlar\u0131 i\u00e7in her t\u00fcrl\u00fc \u00e7abay\u0131 harcamay\u0131 ve etkilenen insanlara hizmet etmeyi vurgularken, depremden etkilenen valiliklerdeki &hellip;<\/p>\n","protected":false},"author":36,"featured_media":273517,"comment_status":"closed","ping_status":"closed","sticky":false,"template":"","format":"standard","meta":{"footnotes":""},"categories":[479,17988,478],"tags":[],"class_list":["post-273516","post","type-post","status-publish","format-standard","has-post-thumbnail","","category-haberler-yerel","category-son-haberler","category-yerel"],"_links":{"self":[{"href":"https:\/\/archive.sana.sy\/tr\/index.php?rest_route=\/wp\/v2\/posts\/273516","targetHints":{"allow":["GET"]}}],"collection":[{"href":"https:\/\/archive.sana.sy\/tr\/index.php?rest_route=\/wp\/v2\/posts"}],"about":[{"href":"https:\/\/archive.sana.sy\/tr\/index.php?rest_route=\/wp\/v2\/types\/post"}],"author":[{"embeddable":true,"href":"https:\/\/archive.sana.sy\/tr\/index.php?rest_route=\/wp\/v2\/users\/36"}],"replies":[{"embeddable":true,"href":"https:\/\/archive.sana.sy\/tr\/index.php?rest_route=%2Fwp%2Fv2%2Fcomments&post=273516"}],"version-history":[{"count":0,"href":"https:\/\/archive.sana.sy\/tr\/index.php?rest_route=\/wp\/v2\/posts\/273516\/revisions"}],"wp:featuredmedia":[{"embeddable":true,"href":"https:\/\/archive.sana.sy\/tr\/index.php?rest_route=\/wp\/v2\/media\/273517"}],"wp:attachment":[{"href":"https:\/\/archive.sana.sy\/tr\/index.php?rest_route=%2Fwp%2Fv2%2Fmedia&parent=273516"}],"wp:term":[{"taxonomy":"category","embeddable":true,"href":"https:\/\/archive.sana.sy\/tr\/index.php?rest_route=%2Fwp%2Fv2%2Fcategories&post=273516"},{"taxonomy":"post_tag","embeddable":true,"href":"https:\/\/archive.sana.sy\/tr\/index.php?rest_route=%2Fwp%2Fv2%2Ftags&post=273516"}],"curies":[{"name":"wp","href":"https:\/\/api.w.org\/{rel}","templated":true}]}}