{"id":273519,"date":"2023-02-08T15:38:01","date_gmt":"2023-02-08T12:38:01","guid":{"rendered":"https:\/\/sana.sy\/tr\/?p=273519"},"modified":"2023-02-09T14:35:58","modified_gmt":"2023-02-09T11:35:58","slug":"arap-ve-yabanci-ulke-liderlerinden-suriye-icin-dayanisma-ve-destek-mesajlari","status":"publish","type":"post","link":"https:\/\/archive.sana.sy\/tr\/?p=273519","title":{"rendered":"Arap ve Yabanc\u0131 \u00dclke Liderlerinden Suriye \u0130\u00e7in Dayan\u0131\u015fma Ve Destek Mesajlar\u0131"},"content":{"rendered":"<p><strong>\u015eAM \u2013<\/strong> Suriye&#8217;yi vuran depremin ard\u0131ndan Cumhurba\u015fkan\u0131 Be\u015f\u015far Esad, Arap ve yabanc\u0131 \u00fclke liderlerinden daha fazla dayan\u0131\u015fma ve destek mesaj\u0131 ald\u0131.<\/p>\n<p>Tunus Cumhurba\u015fkan\u0131 Kais Sayid, samimi dayan\u0131\u015fma ve sempati dile getirerek, Tunus&#8217;un bu felakette Suriye halk\u0131n\u0131n yan\u0131nda olmaya ve etkilerinin \u00fcstesinden gelmek i\u00e7in yard\u0131m ve karde\u015f\u00e7e yard\u0131m sa\u011flamaya haz\u0131r oldu\u011funu teyit etti.<\/p>\n<p>Nikaragua Cumhuriyeti Devlet Ba\u015fkan\u0131 Daniel Ortega da \u00fclkesinin Suriye halk\u0131yla dayan\u0131\u015fma i\u00e7inde oldu\u011funu ve Suriye kurumlar\u0131n\u0131n bu felaketin etkilerinin a\u015f\u0131lmas\u0131 ve etkilenen b\u00f6lgelere yard\u0131m sa\u011flanmas\u0131 \u00e7abalar\u0131na verdi\u011fi deste\u011fi dile getirdi.<\/p>\n<p>\u00d6zbekistan Cumhurba\u015fkan\u0131 \u015eavkat Mirziyoyev, Cumhurba\u015fkan\u0131 Esad&#8217;a en i\u00e7ten ba\u015fsa\u011fl\u0131\u011f\u0131 diledi, Y\u00fcce Allah&#8217;tan kurbanlara rahmet, aileleri ve yak\u0131nlar\u0131na sab\u0131r ve ba\u015fsa\u011fl\u0131\u011f\u0131 vermesini diledi ve yaral\u0131lara acil \u015fifalar diledi.<\/p>\n<p>Abhazya Cumhuriyeti Cumhurba\u015fkan\u0131 Aslan Begania ise depremzedelerin ailelerine ba\u015fsa\u011fl\u0131\u011f\u0131 dileyerek, yaral\u0131lara acil \u015fifalar diledi.<\/p>\n<p>Kore Demokratik Halk Cumhuriyeti Devlet Ba\u015fkan\u0131 Kim Jong-won da taziyelerini ileterek, Suriye h\u00fck\u00fcmeti ve halk\u0131n\u0131n bu felaketin zararlar\u0131n\u0131n \u00fcstesinden gelece\u011fine olan g\u00fcvenini dile getirdi.<\/p>\n<p>Vatikan&#8217;\u0131n Papas\u0131 Papa Franciscus, Cumhurba\u015fkan\u0131 Esad&#8217;a g\u00f6nderdi\u011fi mesajda, depremin yol a\u00e7t\u0131\u011f\u0131 b\u00fcy\u00fck can kayb\u0131ndan duydu\u011fu derin \u00fcz\u00fcnt\u00fcy\u00fc dile getirerek, \u201ckurbanlar\u0131n ruhlar\u0131n\u0131n huzuru ve felaketten etkilenenlere yard\u0131m sa\u011flamak i\u00e7in \u00e7abalar\u0131n dayan\u0131\u015fmas\u0131 i\u00e7in dua edecek\u201d dedi.<\/p>\n<p>T\u00fcm Ermeniler Katolikosu B\u00fcy\u00fck Patri\u011fi II. Karekin, Suriye halk\u0131n\u0131n bu felakete maruz kalmas\u0131ndan duydu\u011fu \u00fcz\u00fcnt\u00fcy\u00fc dile getirerek, hayat\u0131n\u0131 kaybedenlerin ruhlar\u0131n\u0131n huzuru, yaral\u0131lar\u0131n acil \u015fifalar kazanmas\u0131 i\u00e7in dualar okudu.<\/p>\n<p><a href=\"https:\/\/t.me\/SuriyeArapHaberAjansI\">Telegram Kanal\u0131m\u0131z\u00a0<\/a><\/p>\n<p><a href=\"https:\/\/www.facebook.com\/SANAHaberAjansi\/\">Facebook Sayfam\u0131z<\/a><\/p>\n","protected":false},"excerpt":{"rendered":"<p>\u015eAM \u2013 Suriye&#8217;yi vuran depremin ard\u0131ndan Cumhurba\u015fkan\u0131 Be\u015f\u015far Esad, Arap ve yabanc\u0131 \u00fclke liderlerinden daha fazla dayan\u0131\u015fma ve destek mesaj\u0131 ald\u0131. Tunus Cumhurba\u015fkan\u0131 Kais Sayid, samimi dayan\u0131\u015fma ve sempati dile getirerek, Tunus&#8217;un bu felakette Suriye halk\u0131n\u0131n yan\u0131nda olmaya ve etkilerinin \u00fcstesinden gelmek i\u00e7in yard\u0131m ve karde\u015f\u00e7e yard\u0131m sa\u011flamaya haz\u0131r oldu\u011funu teyit etti. Nikaragua Cumhuriyeti Devlet &hellip;<\/p>\n","protected":false},"author":36,"featured_media":273520,"comment_status":"closed","ping_status":"closed","sticky":false,"template":"","format":"standard","meta":{"footnotes":""},"categories":[605,17988,613],"tags":[],"class_list":["post-273519","post","type-post","status-publish","format-standard","has-post-thumbnail","","category-sayin-cumhurbaskani","category-son-haberler","category-telgraflar"],"_links":{"self":[{"href":"https:\/\/archive.sana.sy\/tr\/index.php?rest_route=\/wp\/v2\/posts\/273519","targetHints":{"allow":["GET"]}}],"collection":[{"href":"https:\/\/archive.sana.sy\/tr\/index.php?rest_route=\/wp\/v2\/posts"}],"about":[{"href":"https:\/\/archive.sana.sy\/tr\/index.php?rest_route=\/wp\/v2\/types\/post"}],"author":[{"embeddable":true,"href":"https:\/\/archive.sana.sy\/tr\/index.php?rest_route=\/wp\/v2\/users\/36"}],"replies":[{"embeddable":true,"href":"https:\/\/archive.sana.sy\/tr\/index.php?rest_route=%2Fwp%2Fv2%2Fcomments&post=273519"}],"version-history":[{"count":0,"href":"https:\/\/archive.sana.sy\/tr\/index.php?rest_route=\/wp\/v2\/posts\/273519\/revisions"}],"wp:featuredmedia":[{"embeddable":true,"href":"https:\/\/archive.sana.sy\/tr\/index.php?rest_route=\/wp\/v2\/media\/273520"}],"wp:attachment":[{"href":"https:\/\/archive.sana.sy\/tr\/index.php?rest_route=%2Fwp%2Fv2%2Fmedia&parent=273519"}],"wp:term":[{"taxonomy":"category","embeddable":true,"href":"https:\/\/archive.sana.sy\/tr\/index.php?rest_route=%2Fwp%2Fv2%2Fcategories&post=273519"},{"taxonomy":"post_tag","embeddable":true,"href":"https:\/\/archive.sana.sy\/tr\/index.php?rest_route=%2Fwp%2Fv2%2Ftags&post=273519"}],"curies":[{"name":"wp","href":"https:\/\/api.w.org\/{rel}","templated":true}]}}