{"id":273524,"date":"2023-02-08T15:57:34","date_gmt":"2023-02-08T12:57:34","guid":{"rendered":"https:\/\/sana.sy\/tr\/?p=273524"},"modified":"2023-02-09T08:30:22","modified_gmt":"2023-02-09T05:30:22","slug":"ummanli-gazeteciler-ve-suriye-toplumu-uyeleri-suriye-desteklenmeli-ve-uzerindeki-haksiz-abluka-kaldirilmali","status":"publish","type":"post","link":"https:\/\/archive.sana.sy\/tr\/?p=273524","title":{"rendered":"Ummanl\u0131 Gazeteciler Ve Suriye Toplumu \u00dcyeleri: Suriye Desteklenmeli Ve \u00dczerindeki Haks\u0131z Abluka Kald\u0131r\u0131lmal\u0131"},"content":{"rendered":"<p><strong>MASKAT<\/strong> &#8211; Bir dizi Ummanl\u0131 gazeteci ve Umman&#8217;daki Suriye toplumu \u00fcyeleri, \u00f6nceki g\u00fcn Suriye&#8217;yi vuran depremin ard\u0131ndan Suriye ile tam dayan\u0131\u015fma i\u00e7inde olduklar\u0131n\u0131 ifade ederek, Suriye&#8217;ye uygulanan haks\u0131z Bat\u0131 ablukas\u0131n\u0131n kald\u0131r\u0131lmas\u0131 \u00e7a\u011fr\u0131s\u0131nda bulundu.<\/p>\n<p>Umman Devlet Konseyi \u00fcyesi ve g\u00fcnl\u00fck El Ruya gazetesinin genel yay\u0131n y\u00f6netmeni Hatim bin Hamad El Tai, SANA&#8217;n\u0131n Maskat muhabirine yapt\u0131\u011f\u0131 \u00f6zel a\u00e7\u0131klamada Umman halk\u0131n\u0131n, \u00a0hayat\u0131n\u0131 kaybedenlerin ailelerine taziyelerini ileterek, Arap \u00fclkelerini ve uluslararas\u0131 toplumu Suriye halk\u0131na yard\u0131m etmeye ve ac\u0131lar\u0131n\u0131 dindirmeye \u00e7a\u011f\u0131rd\u0131.<\/p>\n<p>Umman gazetesi El \u015eabiba&#8217;n\u0131n genel yay\u0131n y\u00f6netmeni Muhammed El Ballu\u015fi, Suriye&#8217;yi vuran depremin ve geride b\u0131rakt\u0131\u011f\u0131 kurbanlar\u0131n ve kay\u0131plar\u0131n uluslararas\u0131 toplumun Bat\u0131 taraf\u0131ndan uygulanan haks\u0131z yapt\u0131r\u0131mlar\u0131 kald\u0131rarak yard\u0131m etmesi gerekti\u011fini vurgulad\u0131 ve bu haks\u0131z yapt\u0131r\u0131mlar\u0131n, Suriye h\u00fck\u00fcmetinin depremin etkileriyle y\u00fczle\u015fme ve etkilenen b\u00f6lgelere destek ve yard\u0131m sa\u011flama kabiliyetini s\u0131n\u0131rlad\u0131\u011f\u0131n\u0131 kaydetti.<\/p>\n<p>Asir Medya Kurumu\u2019nun genel yay\u0131n y\u00f6netmeni Musa El Firi de benzer bir a\u00e7\u0131klamada, \u2018\u2019Hi\u00e7bir dil, bu kadar \u00e7ok say\u0131da kurban\u0131n neden oldu\u011fu ac\u0131n\u0131n bir k\u0131sm\u0131n\u0131 yans\u0131tamaz\u2019\u2019 diyerek, bu yans\u0131malar \u0131\u015f\u0131\u011f\u0131nda t\u00fcm siyasi farkl\u0131l\u0131k ve \u00e7at\u0131\u015fmalar\u0131n d\u00fc\u015fmesi, insani de\u011ferlerin ilerleyerek sahneye hakim olmas\u0131 ve Suriye \u00fczerindeki ku\u015fatman\u0131n kald\u0131r\u0131lmas\u0131 gerekti\u011fini dikkate ald\u0131.<\/p>\n<p>Ummanl\u0131 yazar ve medya fig\u00fcr\u00fc S\u00fcleyman Al-Maamari, Suriye&#8217;de halk\u0131m\u0131z\u0131n maruz kald\u0131\u011f\u0131 \u015feylerin, Araplar olarak devlet ve \u00f6zel kurumlar\u0131m\u0131zda ve hay\u0131r kurumlar\u0131m\u0131zda onlar\u0131n yard\u0131m\u0131na gelmemizi gerektirdi\u011fini vurgularken, insanl\u0131k i\u00e7in b\u00fcy\u00fck bir utan\u00e7 oldu\u011fu i\u00e7in bu haks\u0131z ablukan\u0131n kald\u0131r\u0131lmas\u0131 \u00e7a\u011fr\u0131s\u0131nda bulundu.<\/p>\n<p>Umman Sultanl\u0131\u011f\u0131&#8217;ndaki Suriye toplumu \u00fcyeleri de depremden etkilenenleri desteklemek i\u00e7in bir ba\u011f\u0131\u015f kampanyas\u0131 d\u00fczenledi ve onlarca ki\u015fi Maskat&#8217;taki Suriye B\u00fcy\u00fckel\u00e7ili\u011fi merkezine ak\u0131n etti.<\/p>\n<p>&nbsp;<\/p>\n<p>R.M.<\/p>\n<p><a href=\"https:\/\/t.me\/SuriyeArapHaberAjansI\">Telegram Kanal\u0131m\u0131z\u00a0<\/a><\/p>\n<p><a href=\"https:\/\/www.facebook.com\/SANAHaberAjansi\/\">Facebook Sayfam\u0131z<\/a><\/p>\n","protected":false},"excerpt":{"rendered":"<p>MASKAT &#8211; Bir dizi Ummanl\u0131 gazeteci ve Umman&#8217;daki Suriye toplumu \u00fcyeleri, \u00f6nceki g\u00fcn Suriye&#8217;yi vuran depremin ard\u0131ndan Suriye ile tam dayan\u0131\u015fma i\u00e7inde olduklar\u0131n\u0131 ifade ederek, Suriye&#8217;ye uygulanan haks\u0131z Bat\u0131 ablukas\u0131n\u0131n kald\u0131r\u0131lmas\u0131 \u00e7a\u011fr\u0131s\u0131nda bulundu. Umman Devlet Konseyi \u00fcyesi ve g\u00fcnl\u00fck El Ruya gazetesinin genel yay\u0131n y\u00f6netmeni Hatim bin Hamad El Tai, SANA&#8217;n\u0131n Maskat muhabirine yapt\u0131\u011f\u0131 \u00f6zel &hellip;<\/p>\n","protected":false},"author":41,"featured_media":273525,"comment_status":"closed","ping_status":"closed","sticky":false,"template":"","format":"standard","meta":{"footnotes":""},"categories":[458,459,17988],"tags":[],"class_list":["post-273524","post","type-post","status-publish","format-standard","has-post-thumbnail","","category-dunya1","category-haberler-arap-uluslararasi-politika","category-son-haberler"],"_links":{"self":[{"href":"https:\/\/archive.sana.sy\/tr\/index.php?rest_route=\/wp\/v2\/posts\/273524","targetHints":{"allow":["GET"]}}],"collection":[{"href":"https:\/\/archive.sana.sy\/tr\/index.php?rest_route=\/wp\/v2\/posts"}],"about":[{"href":"https:\/\/archive.sana.sy\/tr\/index.php?rest_route=\/wp\/v2\/types\/post"}],"author":[{"embeddable":true,"href":"https:\/\/archive.sana.sy\/tr\/index.php?rest_route=\/wp\/v2\/users\/41"}],"replies":[{"embeddable":true,"href":"https:\/\/archive.sana.sy\/tr\/index.php?rest_route=%2Fwp%2Fv2%2Fcomments&post=273524"}],"version-history":[{"count":0,"href":"https:\/\/archive.sana.sy\/tr\/index.php?rest_route=\/wp\/v2\/posts\/273524\/revisions"}],"wp:featuredmedia":[{"embeddable":true,"href":"https:\/\/archive.sana.sy\/tr\/index.php?rest_route=\/wp\/v2\/media\/273525"}],"wp:attachment":[{"href":"https:\/\/archive.sana.sy\/tr\/index.php?rest_route=%2Fwp%2Fv2%2Fmedia&parent=273524"}],"wp:term":[{"taxonomy":"category","embeddable":true,"href":"https:\/\/archive.sana.sy\/tr\/index.php?rest_route=%2Fwp%2Fv2%2Fcategories&post=273524"},{"taxonomy":"post_tag","embeddable":true,"href":"https:\/\/archive.sana.sy\/tr\/index.php?rest_route=%2Fwp%2Fv2%2Ftags&post=273524"}],"curies":[{"name":"wp","href":"https:\/\/api.w.org\/{rel}","templated":true}]}}