{"id":273539,"date":"2023-02-08T16:37:36","date_gmt":"2023-02-08T13:37:36","guid":{"rendered":"https:\/\/sana.sy\/tr\/?p=273539"},"modified":"2023-02-08T16:37:36","modified_gmt":"2023-02-08T13:37:36","slug":"sananin-deyrizordaki-muhabiri-irak-hukumetinin-suriye-halkina-yaptigi-yardimin-bir-parcasi-olan-el-bukemal-kapisindan-yardim-malzemeleri-yuklu-irak-tirlarindan-olusan-bir-konvoy-yakit-depolari-e","status":"publish","type":"post","link":"https:\/\/archive.sana.sy\/tr\/?p=273539","title":{"rendered":"SANA&#8217;n\u0131n Deyrizor&#8217;daki Muhabiri: Irak h\u00fck\u00fcmetinin Suriye halk\u0131na yapt\u0131\u011f\u0131 yard\u0131m\u0131n bir par\u00e7as\u0131 olan El Bukemal kap\u0131s\u0131ndan yard\u0131m malzemeleri y\u00fckl\u00fc Irak t\u0131rlar\u0131ndan olu\u015fan bir konvoy, yak\u0131t depolar\u0131 e\u015fli\u011finde girdi"},"content":{"rendered":"","protected":false},"excerpt":{"rendered":"","protected":false},"author":41,"featured_media":0,"comment_status":"closed","ping_status":"closed","sticky":false,"template":"","format":"standard","meta":{"footnotes":""},"categories":[17991],"tags":[],"class_list":["post-273539","post","type-post","status-publish","format-standard","","category-son-dakika"],"_links":{"self":[{"href":"https:\/\/archive.sana.sy\/tr\/index.php?rest_route=\/wp\/v2\/posts\/273539","targetHints":{"allow":["GET"]}}],"collection":[{"href":"https:\/\/archive.sana.sy\/tr\/index.php?rest_route=\/wp\/v2\/posts"}],"about":[{"href":"https:\/\/archive.sana.sy\/tr\/index.php?rest_route=\/wp\/v2\/types\/post"}],"author":[{"embeddable":true,"href":"https:\/\/archive.sana.sy\/tr\/index.php?rest_route=\/wp\/v2\/users\/41"}],"replies":[{"embeddable":true,"href":"https:\/\/archive.sana.sy\/tr\/index.php?rest_route=%2Fwp%2Fv2%2Fcomments&post=273539"}],"version-history":[{"count":0,"href":"https:\/\/archive.sana.sy\/tr\/index.php?rest_route=\/wp\/v2\/posts\/273539\/revisions"}],"wp:attachment":[{"href":"https:\/\/archive.sana.sy\/tr\/index.php?rest_route=%2Fwp%2Fv2%2Fmedia&parent=273539"}],"wp:term":[{"taxonomy":"category","embeddable":true,"href":"https:\/\/archive.sana.sy\/tr\/index.php?rest_route=%2Fwp%2Fv2%2Fcategories&post=273539"},{"taxonomy":"post_tag","embeddable":true,"href":"https:\/\/archive.sana.sy\/tr\/index.php?rest_route=%2Fwp%2Fv2%2Ftags&post=273539"}],"curies":[{"name":"wp","href":"https:\/\/api.w.org\/{rel}","templated":true}]}}