{"id":273547,"date":"2023-02-08T17:12:14","date_gmt":"2023-02-08T14:12:14","guid":{"rendered":"https:\/\/sana.sy\/tr\/?p=273547"},"modified":"2023-02-08T17:12:14","modified_gmt":"2023-02-08T14:12:14","slug":"mahluf-kardes-ve-dost-ulkeler-depremin-hemen-ardindan-yardim-icin-inisiyatif-alirken-terore-destek-veren-ulkeler-suriyedeki-insani-durumu-siyasallastirdi","status":"publish","type":"post","link":"https:\/\/archive.sana.sy\/tr\/?p=273547","title":{"rendered":"Mahluf: Karde\u015f ve dost \u00fclkeler depremin hemen ard\u0131ndan yard\u0131m i\u00e7in inisiyatif al\u0131rken, ter\u00f6re destek veren \u00fclkeler Suriye&#8217;deki insani durumu siyasalla\u015ft\u0131rd\u0131"},"content":{"rendered":"","protected":false},"excerpt":{"rendered":"","protected":false},"author":41,"featured_media":0,"comment_status":"closed","ping_status":"closed","sticky":false,"template":"","format":"standard","meta":{"footnotes":""},"categories":[17991],"tags":[],"class_list":["post-273547","post","type-post","status-publish","format-standard","","category-son-dakika"],"_links":{"self":[{"href":"https:\/\/archive.sana.sy\/tr\/index.php?rest_route=\/wp\/v2\/posts\/273547","targetHints":{"allow":["GET"]}}],"collection":[{"href":"https:\/\/archive.sana.sy\/tr\/index.php?rest_route=\/wp\/v2\/posts"}],"about":[{"href":"https:\/\/archive.sana.sy\/tr\/index.php?rest_route=\/wp\/v2\/types\/post"}],"author":[{"embeddable":true,"href":"https:\/\/archive.sana.sy\/tr\/index.php?rest_route=\/wp\/v2\/users\/41"}],"replies":[{"embeddable":true,"href":"https:\/\/archive.sana.sy\/tr\/index.php?rest_route=%2Fwp%2Fv2%2Fcomments&post=273547"}],"version-history":[{"count":0,"href":"https:\/\/archive.sana.sy\/tr\/index.php?rest_route=\/wp\/v2\/posts\/273547\/revisions"}],"wp:attachment":[{"href":"https:\/\/archive.sana.sy\/tr\/index.php?rest_route=%2Fwp%2Fv2%2Fmedia&parent=273547"}],"wp:term":[{"taxonomy":"category","embeddable":true,"href":"https:\/\/archive.sana.sy\/tr\/index.php?rest_route=%2Fwp%2Fv2%2Fcategories&post=273547"},{"taxonomy":"post_tag","embeddable":true,"href":"https:\/\/archive.sana.sy\/tr\/index.php?rest_route=%2Fwp%2Fv2%2Ftags&post=273547"}],"curies":[{"name":"wp","href":"https:\/\/api.w.org\/{rel}","templated":true}]}}