{"id":273549,"date":"2023-02-08T16:12:10","date_gmt":"2023-02-08T13:12:10","guid":{"rendered":"https:\/\/sana.sy\/tr\/?p=273549"},"modified":"2023-02-09T08:30:27","modified_gmt":"2023-02-09T05:30:27","slug":"depremden-etkilenenlere-destek-icin-yurtdisindaki-suriyeli-ogrencileri-dayanisma-durusu-duzenledi-video","status":"publish","type":"post","link":"https:\/\/archive.sana.sy\/tr\/?p=273549","title":{"rendered":"Depremden Etkilenenlere Destek \u0130\u00e7in Yurtd\u0131\u015f\u0131ndaki Suriyeli \u00d6\u011frencileri Dayan\u0131\u015fma Duru\u015fu D\u00fczenledi- Video"},"content":{"rendered":"<p><strong>BA\u015eKENLER<\/strong> &#8211; D\u00fcnyan\u0131n bir\u00e7ok \u00fclkesindeki Suriyeli \u00f6\u011frenciler, depremin etkilerinden etkilenenleri desteklemek ve uluslararas\u0131 topluma Suriye&#8217;ye uygulanan tek tarafl\u0131 zorlay\u0131c\u0131 ekonomik yapt\u0131r\u0131mlar\u0131 kald\u0131rma \u00e7a\u011fr\u0131s\u0131nda bulunmak i\u00e7in dayan\u0131\u015fma duru\u015flar\u0131 d\u00fczenledi.<\/p>\n<p><iframe loading=\"lazy\" title=\"\u0645\u0648\u0627\u0637\u0646\u0648\u0646 \u0633\u0648\u0631\u064a\u0648\u0646 \u0641\u064a \u0627\u0644\u0647\u0646\u062f \u0648\u0623\u0631\u0645\u064a\u0646\u064a\u0627 \u064a\u0637\u0627\u0644\u0628\u0648\u0646 \u0628\u0631\u0641\u0639 \u0627\u0644\u0639\u0642\u0648\u0628\u0627\u062a \u0627\u0644\u063a\u0631\u0628\u064a\u0629 \u0639\u0646 \u0628\u0644\u062f\u0647\u0645\" width=\"618\" height=\"348\" src=\"https:\/\/www.youtube.com\/embed\/OQwHtDD8q-w?start=1&#038;feature=oembed\" frameborder=\"0\" allow=\"accelerometer; autoplay; clipboard-write; encrypted-media; gyroscope; picture-in-picture; web-share\" referrerpolicy=\"strict-origin-when-cross-origin\" allowfullscreen><\/iframe><\/p>\n<p>R.M.<\/p>\n<p><a href=\"https:\/\/t.me\/SuriyeArapHaberAjansI\">Telegram Kanal\u0131m\u0131z\u00a0<\/a><\/p>\n<p><a href=\"https:\/\/www.facebook.com\/SANAHaberAjansi\/\">Facebook Sayfam\u0131z<\/a><\/p>\n","protected":false},"excerpt":{"rendered":"<p>BA\u015eKENLER &#8211; D\u00fcnyan\u0131n bir\u00e7ok \u00fclkesindeki Suriyeli \u00f6\u011frenciler, depremin etkilerinden etkilenenleri desteklemek ve uluslararas\u0131 topluma Suriye&#8217;ye uygulanan tek tarafl\u0131 zorlay\u0131c\u0131 ekonomik yapt\u0131r\u0131mlar\u0131 kald\u0131rma \u00e7a\u011fr\u0131s\u0131nda bulunmak i\u00e7in dayan\u0131\u015fma duru\u015flar\u0131 d\u00fczenledi. R.M. Telegram Kanal\u0131m\u0131z\u00a0 Facebook Sayfam\u0131z<\/p>\n","protected":false},"author":41,"featured_media":273550,"comment_status":"closed","ping_status":"closed","sticky":false,"template":"","format":"standard","meta":{"footnotes":""},"categories":[458,459,18295,17988],"tags":[],"class_list":["post-273549","post","type-post","status-publish","format-standard","has-post-thumbnail","","category-dunya1","category-haberler-arap-uluslararasi-politika","category-sana-video","category-son-haberler"],"_links":{"self":[{"href":"https:\/\/archive.sana.sy\/tr\/index.php?rest_route=\/wp\/v2\/posts\/273549","targetHints":{"allow":["GET"]}}],"collection":[{"href":"https:\/\/archive.sana.sy\/tr\/index.php?rest_route=\/wp\/v2\/posts"}],"about":[{"href":"https:\/\/archive.sana.sy\/tr\/index.php?rest_route=\/wp\/v2\/types\/post"}],"author":[{"embeddable":true,"href":"https:\/\/archive.sana.sy\/tr\/index.php?rest_route=\/wp\/v2\/users\/41"}],"replies":[{"embeddable":true,"href":"https:\/\/archive.sana.sy\/tr\/index.php?rest_route=%2Fwp%2Fv2%2Fcomments&post=273549"}],"version-history":[{"count":0,"href":"https:\/\/archive.sana.sy\/tr\/index.php?rest_route=\/wp\/v2\/posts\/273549\/revisions"}],"wp:featuredmedia":[{"embeddable":true,"href":"https:\/\/archive.sana.sy\/tr\/index.php?rest_route=\/wp\/v2\/media\/273550"}],"wp:attachment":[{"href":"https:\/\/archive.sana.sy\/tr\/index.php?rest_route=%2Fwp%2Fv2%2Fmedia&parent=273549"}],"wp:term":[{"taxonomy":"category","embeddable":true,"href":"https:\/\/archive.sana.sy\/tr\/index.php?rest_route=%2Fwp%2Fv2%2Fcategories&post=273549"},{"taxonomy":"post_tag","embeddable":true,"href":"https:\/\/archive.sana.sy\/tr\/index.php?rest_route=%2Fwp%2Fv2%2Ftags&post=273549"}],"curies":[{"name":"wp","href":"https:\/\/api.w.org\/{rel}","templated":true}]}}