{"id":273552,"date":"2023-02-08T18:18:24","date_gmt":"2023-02-08T15:18:24","guid":{"rendered":"https:\/\/sana.sy\/tr\/?p=273552"},"modified":"2023-02-10T08:54:16","modified_gmt":"2023-02-10T05:54:16","slug":"arnus-depremin-verdigi-hasar-buyuk-oncelik-enkaz-altinda-kalanlari-kurtarmaktir","status":"publish","type":"post","link":"https:\/\/archive.sana.sy\/tr\/?p=273552","title":{"rendered":"Arnus: Depremin Verdi\u011fi Hasar B\u00fcy\u00fck, \u00d6ncelik Enkaz Alt\u0131nda Kalanlar\u0131 Kurtarmakt\u0131r"},"content":{"rendered":"<p><strong>HALEP<\/strong> &#8211; Ba\u015fbakan H\u00fcseyin Arnus, depremin \u00f6zellikle Halep ve Lazkiye&#8217;de verdi\u011fi hasar\u0131n b\u00fcy\u00fck oldu\u011funu teyit ederek, \u015fimdi \u00f6nceli\u011fin enkaz alt\u0131nda kalanlar\u0131 kurtarmak oldu\u011funu belirtti.<\/p>\n<p><img loading=\"lazy\" decoding=\"async\" class=\"size-full wp-image-273554 alignright\" src=\"http:\/\/sana.sy\/tr\/wp-content\/uploads\/2023\/02\/photo_2023-02-08_14-36-45-copy-1-300x200-1.jpg\" alt=\"\" width=\"300\" height=\"200\" srcset=\"https:\/\/archive.sana.sy\/tr\/wp-content\/uploads\/2023\/02\/photo_2023-02-08_14-36-45-copy-1-300x200-1.jpg 300w, https:\/\/archive.sana.sy\/tr\/wp-content\/uploads\/2023\/02\/photo_2023-02-08_14-36-45-copy-1-300x200-1-150x100.jpg 150w\" sizes=\"auto, (max-width: 300px) 100vw, 300px\" \/>M\u00fchendis Arnus, Bay\u0131nd\u0131rl\u0131k ve \u0130skan Bakan\u0131 Suheyil Abdullatif ve Sa\u011fl\u0131k Bakan\u0131 Dr. Hasan Gabba\u015f e\u015fli\u011finde Halep&#8217;teki depremden etkilenen b\u00f6lgeleri bug\u00fcn incelemesinde, \u2018\u2019Lazkiye&#8217;deki durumla ilgili bilgilerime g\u00f6re \u00e7ok b\u00fcy\u00fck bir hasar olu\u015ftu ve etkilenen yerleri tespit etmeye ba\u015fvurabiliriz ve umar\u0131m Halep&#8217;teki durum benzer olmaz. E\u011fer durum buysa, ger\u00e7e\u011fi saklamayaca\u011f\u0131z ve bu t\u00fcr durumlarda d\u00fcnyan\u0131n t\u00fcm \u00fclkeleri etkilenen b\u00f6lgelerini ilan edip durumla d\u00fcnyay\u0131 ba\u015f ba\u015fa b\u0131rakaca\u011f\u0131z\u2019\u2019 ifadelerini kullanarak, Abluka ve yapt\u0131r\u0131mlar\u0131n Suriye halk\u0131n\u0131n \u0131zd\u0131rab\u0131na neden oldu\u011funu ve bu felaketin devlet ve vatanda\u015flar i\u00e7in bu \u0131st\u0131rab\u0131 daha da art\u0131rmaya geldi\u011fini belirtti.<\/p>\n<p>Arnus, \u2018\u2019Haks\u0131z sava\u015f sonucunda imkanlar\u0131n zay\u0131fl\u0131\u011f\u0131na ra\u011fmen kurtarma operasyonlar\u0131nda b\u00fcy\u00fck emekler ve kahramanl\u0131klar var ama bu i\u015fi yapan herkesin g\u00f6sterdi\u011fi fedakarl\u0131k, kefaret, i\u015fbirli\u011fi ve cesaret a\u00e7\u0131\u011f\u0131n b\u00fcy\u00fck bir k\u0131sm\u0131n\u0131 kapatt\u0131\u2019\u2019 ifadelerini s\u00f6zlerine ekleyerek, y\u0131k\u0131lmam\u0131\u015f tehlikeli binalar\u0131n ve insanlar\u0131n kendilerine geri d\u00f6nmesine izin veren binalar\u0131n ger\u00e7ekli\u011fini, zeminde ilgili herkesin bilmesi i\u00e7in direktifler oldu\u011funu, b\u00f6ylece insanlar\u0131m\u0131z\u0131 bilimsel ve d\u00fc\u015f\u00fcnceli bir \u015fekilde rahatlatabilece\u011fimizi a\u00e7\u0131klad\u0131.<\/p>\n<p>Arnous ayr\u0131ca, dost ve karde\u015f \u00fclkelerin \u00e7o\u011funun yard\u0131m g\u00f6nderdi\u011fine ve Suriye&#8217;ye yard\u0131m g\u00f6t\u00fcrmeye istekli <img loading=\"lazy\" decoding=\"async\" class=\"size-full wp-image-273554 alignright\" src=\"http:\/\/sana.sy\/tr\/wp-content\/uploads\/2023\/02\/photo_2023-02-08_14-36-45-copy-1-300x200-1.jpg\" alt=\"\" width=\"300\" height=\"200\" srcset=\"https:\/\/archive.sana.sy\/tr\/wp-content\/uploads\/2023\/02\/photo_2023-02-08_14-36-45-copy-1-300x200-1.jpg 300w, https:\/\/archive.sana.sy\/tr\/wp-content\/uploads\/2023\/02\/photo_2023-02-08_14-36-45-copy-1-300x200-1-150x100.jpg 150w\" sizes=\"auto, (max-width: 300px) 100vw, 300px\" \/>oldu\u011funu ifade eden bir\u00e7ok \u00fclke oldu\u011funa dikkat \u00e7ekerken, ABD&#8217;nin ve yard\u0131m sa\u011flamakta teredd\u00fct eden baz\u0131 \u00fclkelerin konumunu tarihe ve insanl\u0131\u011f\u0131n vicdan\u0131na b\u0131rak\u0131laca\u011f\u0131n\u0131 ifade etti.<\/p>\n<p>Sa\u011fl\u0131k Bakan\u0131 Dr. Hasan El Gabba\u015f \u00a0ise , \u2018\u2019Etkilenen vilayetlerde \u00f6l\u00fc say\u0131s\u0131 1.262&#8217;ye, yaral\u0131 say\u0131s\u0131 belirsiz bir \u015fekilde 2.285&#8217;e ula\u015ft\u0131 Halep&#8217;te \u015fimdiye kadar \u00f6l\u00fc say\u0131s\u0131 415&#8217;e, yaral\u0131 say\u0131s\u0131 1.050&#8217;ye ula\u015ft\u0131\u2019\u2019 diyerek, bu b\u00fcy\u00fckl\u00fckteki bir felaketin, zaten t\u0131bbi malzeme ve ekipman s\u0131k\u0131nt\u0131s\u0131 \u00e7eken sa\u011fl\u0131k sekt\u00f6r\u00fc \u00fczerinde ek bir bask\u0131 olu\u015fturdu\u011funa i\u015faret etti.<\/p>\n<p>Gabba\u015f, ablukan\u0131n bir\u00e7ok tedarik\u00e7inin Suriye&#8217;ye t\u0131bbi cihaz, ekipman ve ila\u00e7 tedarik etmesini engelledi\u011fine dikkat \u00e7ekerek, bu felaketin kalbine, uluslararas\u0131 topluma, D\u00fcnya Sa\u011fl\u0131k \u00d6rg\u00fct\u00fc&#8217;ne ve t\u00fcm \u00f6rg\u00fctlere ve \u00fclkelere, sa\u011fl\u0131k sekt\u00f6r\u00fc ve hayat kurtaran t\u00fcm sekt\u00f6rlere m\u00fcmk\u00fcn olan her t\u00fcrl\u00fc yard\u0131m\u0131 sa\u011flamak i\u00e7in derhal ve ivedilikle m\u00fcdahale etmeleri \u00e7a\u011fr\u0131s\u0131nda bulundu.<\/p>\n<p>&nbsp;<\/p>\n<p>R.M.<\/p>\n<p><a href=\"https:\/\/t.me\/SuriyeArapHaberAjansI\">Telegram Kanal\u0131m\u0131z\u00a0<\/a><\/p>\n<p><a href=\"https:\/\/www.facebook.com\/SANAHaberAjansi\/\">Facebook Sayfam\u0131z<\/a><\/p>\n","protected":false},"excerpt":{"rendered":"<p>HALEP &#8211; Ba\u015fbakan H\u00fcseyin Arnus, depremin \u00f6zellikle Halep ve Lazkiye&#8217;de verdi\u011fi hasar\u0131n b\u00fcy\u00fck oldu\u011funu teyit ederek, \u015fimdi \u00f6nceli\u011fin enkaz alt\u0131nda kalanlar\u0131 kurtarmak oldu\u011funu belirtti. M\u00fchendis Arnus, Bay\u0131nd\u0131rl\u0131k ve \u0130skan Bakan\u0131 Suheyil Abdullatif ve Sa\u011fl\u0131k Bakan\u0131 Dr. Hasan Gabba\u015f e\u015fli\u011finde Halep&#8217;teki depremden etkilenen b\u00f6lgeleri bug\u00fcn incelemesinde, \u2018\u2019Lazkiye&#8217;deki durumla ilgili bilgilerime g\u00f6re \u00e7ok b\u00fcy\u00fck bir hasar olu\u015ftu &hellip;<\/p>\n","protected":false},"author":41,"featured_media":273553,"comment_status":"closed","ping_status":"closed","sticky":false,"template":"","format":"standard","meta":{"footnotes":""},"categories":[479,17988,478],"tags":[],"class_list":["post-273552","post","type-post","status-publish","format-standard","has-post-thumbnail","","category-haberler-yerel","category-son-haberler","category-yerel"],"_links":{"self":[{"href":"https:\/\/archive.sana.sy\/tr\/index.php?rest_route=\/wp\/v2\/posts\/273552","targetHints":{"allow":["GET"]}}],"collection":[{"href":"https:\/\/archive.sana.sy\/tr\/index.php?rest_route=\/wp\/v2\/posts"}],"about":[{"href":"https:\/\/archive.sana.sy\/tr\/index.php?rest_route=\/wp\/v2\/types\/post"}],"author":[{"embeddable":true,"href":"https:\/\/archive.sana.sy\/tr\/index.php?rest_route=\/wp\/v2\/users\/41"}],"replies":[{"embeddable":true,"href":"https:\/\/archive.sana.sy\/tr\/index.php?rest_route=%2Fwp%2Fv2%2Fcomments&post=273552"}],"version-history":[{"count":0,"href":"https:\/\/archive.sana.sy\/tr\/index.php?rest_route=\/wp\/v2\/posts\/273552\/revisions"}],"wp:featuredmedia":[{"embeddable":true,"href":"https:\/\/archive.sana.sy\/tr\/index.php?rest_route=\/wp\/v2\/media\/273553"}],"wp:attachment":[{"href":"https:\/\/archive.sana.sy\/tr\/index.php?rest_route=%2Fwp%2Fv2%2Fmedia&parent=273552"}],"wp:term":[{"taxonomy":"category","embeddable":true,"href":"https:\/\/archive.sana.sy\/tr\/index.php?rest_route=%2Fwp%2Fv2%2Fcategories&post=273552"},{"taxonomy":"post_tag","embeddable":true,"href":"https:\/\/archive.sana.sy\/tr\/index.php?rest_route=%2Fwp%2Fv2%2Ftags&post=273552"}],"curies":[{"name":"wp","href":"https:\/\/api.w.org\/{rel}","templated":true}]}}