{"id":273559,"date":"2023-02-08T17:00:16","date_gmt":"2023-02-08T14:00:16","guid":{"rendered":"https:\/\/sana.sy\/tr\/?p=273559"},"modified":"2023-02-09T08:30:38","modified_gmt":"2023-02-09T05:30:38","slug":"el-araci-uluslararasi-toplumun-depremin-etkileriyle-yuzlesmek-icin-suriyenin-yaninda-durmasi-gerekiyor","status":"publish","type":"post","link":"https:\/\/archive.sana.sy\/tr\/?p=273559","title":{"rendered":"El Araci: Uluslararas\u0131 Toplumun Depremin Etkileriyle Y\u00fczle\u015fmek \u0130\u00e7in Suriye&#8217;nin Yan\u0131nda Durmas\u0131 Gerekiyor"},"content":{"rendered":"<p><strong>BA\u011eDAT<\/strong> &#8211; Irak Ulusal G\u00fcvenlik Dan\u0131\u015fman\u0131 Kas\u0131m El Arac, \u00f6nceki g\u00fcn Suriye&#8217;yi vuran depremin etkileriyle y\u00fczle\u015fmek i\u00e7in uluslararas\u0131 toplumun Suriye&#8217;nin yan\u0131nda olmas\u0131 gerekti\u011fini vurgulad\u0131.<\/p>\n<p>El Araci, bug\u00fcn El S\u00fcmeriyye News taraf\u0131ndan aktar\u0131lan a\u00e7\u0131klamas\u0131nda, &#8220;Suriye halk\u0131 bu \u00e7ilenin \u00fcstesinden gelebilir ve uluslararas\u0131 toplum, Suriye ve halk\u0131n\u0131n yan\u0131nda yer almal\u0131 ve \u00fczerindeki ku\u015fatmay\u0131 kald\u0131rmal\u0131d\u0131r&#8221; dedi.<\/p>\n<p>A\u00e7\u0131klamada ayr\u0131ca, El Araci&#8217;nin Suriye&#8217;nin Ba\u011fdat B\u00fcy\u00fckel\u00e7isi Sattam Cadan El Dandah ile g\u00f6r\u00fc\u015ferek depremzedelere taziye ve ba\u015fsa\u011fl\u0131\u011f\u0131 diledi\u011fi ve yaral\u0131lara acil \u015fifalar diledi\u011fi belirtildi.<\/p>\n<p>&nbsp;<\/p>\n<p>R.M.<\/p>\n<p><a href=\"https:\/\/t.me\/SuriyeArapHaberAjansI\">Telegram Kanal\u0131m\u0131z\u00a0<\/a><\/p>\n<p><a href=\"https:\/\/www.facebook.com\/SANAHaberAjansi\/\">Facebook Sayfam\u0131z<\/a><\/p>\n","protected":false},"excerpt":{"rendered":"<p>BA\u011eDAT &#8211; Irak Ulusal G\u00fcvenlik Dan\u0131\u015fman\u0131 Kas\u0131m El Arac, \u00f6nceki g\u00fcn Suriye&#8217;yi vuran depremin etkileriyle y\u00fczle\u015fmek i\u00e7in uluslararas\u0131 toplumun Suriye&#8217;nin yan\u0131nda olmas\u0131 gerekti\u011fini vurgulad\u0131. El Araci, bug\u00fcn El S\u00fcmeriyye News taraf\u0131ndan aktar\u0131lan a\u00e7\u0131klamas\u0131nda, &#8220;Suriye halk\u0131 bu \u00e7ilenin \u00fcstesinden gelebilir ve uluslararas\u0131 toplum, Suriye ve halk\u0131n\u0131n yan\u0131nda yer almal\u0131 ve \u00fczerindeki ku\u015fatmay\u0131 kald\u0131rmal\u0131d\u0131r&#8221; dedi. A\u00e7\u0131klamada ayr\u0131ca, &hellip;<\/p>\n","protected":false},"author":41,"featured_media":273560,"comment_status":"closed","ping_status":"closed","sticky":false,"template":"","format":"standard","meta":{"footnotes":""},"categories":[458,459,17988],"tags":[],"class_list":["post-273559","post","type-post","status-publish","format-standard","has-post-thumbnail","","category-dunya1","category-haberler-arap-uluslararasi-politika","category-son-haberler"],"_links":{"self":[{"href":"https:\/\/archive.sana.sy\/tr\/index.php?rest_route=\/wp\/v2\/posts\/273559","targetHints":{"allow":["GET"]}}],"collection":[{"href":"https:\/\/archive.sana.sy\/tr\/index.php?rest_route=\/wp\/v2\/posts"}],"about":[{"href":"https:\/\/archive.sana.sy\/tr\/index.php?rest_route=\/wp\/v2\/types\/post"}],"author":[{"embeddable":true,"href":"https:\/\/archive.sana.sy\/tr\/index.php?rest_route=\/wp\/v2\/users\/41"}],"replies":[{"embeddable":true,"href":"https:\/\/archive.sana.sy\/tr\/index.php?rest_route=%2Fwp%2Fv2%2Fcomments&post=273559"}],"version-history":[{"count":0,"href":"https:\/\/archive.sana.sy\/tr\/index.php?rest_route=\/wp\/v2\/posts\/273559\/revisions"}],"wp:featuredmedia":[{"embeddable":true,"href":"https:\/\/archive.sana.sy\/tr\/index.php?rest_route=\/wp\/v2\/media\/273560"}],"wp:attachment":[{"href":"https:\/\/archive.sana.sy\/tr\/index.php?rest_route=%2Fwp%2Fv2%2Fmedia&parent=273559"}],"wp:term":[{"taxonomy":"category","embeddable":true,"href":"https:\/\/archive.sana.sy\/tr\/index.php?rest_route=%2Fwp%2Fv2%2Fcategories&post=273559"},{"taxonomy":"post_tag","embeddable":true,"href":"https:\/\/archive.sana.sy\/tr\/index.php?rest_route=%2Fwp%2Fv2%2Ftags&post=273559"}],"curies":[{"name":"wp","href":"https:\/\/api.w.org\/{rel}","templated":true}]}}