{"id":273562,"date":"2023-02-08T17:00:11","date_gmt":"2023-02-08T14:00:11","guid":{"rendered":"https:\/\/sana.sy\/tr\/?p=273562"},"modified":"2023-02-09T08:30:35","modified_gmt":"2023-02-09T05:30:35","slug":"ellerinizi-suriyeden-cekin-suriyeye-yonelik-abluka-toplu-katliam-anlamina-geliyor-ve-durdurulmali","status":"publish","type":"post","link":"https:\/\/archive.sana.sy\/tr\/?p=273562","title":{"rendered":"(Ellerinizi Suriye&#8217;den \u00c7ekin): Suriye&#8217;ye Y\u00f6nelik Abluka Toplu Katliam Anlam\u0131na Geliyor Ve Durdurulmal\u0131d\u0131r"},"content":{"rendered":"<p><strong>V\u0130YANA<\/strong> &#8211; \u201cSuriye&#8217;den Elinizi \u00c7ekin\u201d Dayan\u0131\u015fma Derne\u011fi, Suriye&#8217;ye dayat\u0131lan tek tarafl\u0131 zorlay\u0131c\u0131 yapt\u0131r\u0131mlar\u0131n kald\u0131r\u0131lmas\u0131 ve d\u00fcn \u00fclkeyi vuran y\u0131k\u0131c\u0131 depremden etkilenenlere yard\u0131m\u0131n h\u0131zla ula\u015fmas\u0131na izin verilmesi \u00e7a\u011fr\u0131s\u0131nda bulundu.<\/p>\n<p>Dernek bug\u00fcn yapt\u0131\u011f\u0131 a\u00e7\u0131klamada, Suriyelilerin i\u00e7inden ge\u00e7mekte oldu\u011fu zor ko\u015fullar\u0131n sadece depremin de\u011fil,\u00a0 Washington ve Avrupa Birli\u011fi taraf\u0131ndan desteklenen Suriye&#8217;ye y\u00f6nelik askeri sald\u0131rganl\u0131k ve ter\u00f6rist sava\u015f\u0131n e\u015fli\u011finde,\u00a0 2011&#8217;den bu yana Suriye halk\u0131na uygulanan tek tarafl\u0131 yapt\u0131r\u0131mlar\u0131n ve ku\u015fatman\u0131n sonu\u00e7lar\u0131ndan kaynakland\u0131\u011f\u0131n\u0131 belirtti.<\/p>\n<p>Dernek ayr\u0131ca, yapt\u0131r\u0131mlar uygulamaya devam etmenin daha fazla trajedi, depremin sonu\u00e7lar\u0131 ve etkileriyle ba\u015fa \u00e7\u0131kmak, insanlar\u0131 kurtarmak i\u00e7in ekipman eksikli\u011fi ve felaketten kurtulanlara yeterli bak\u0131m\u0131 sa\u011flamak i\u00e7in yeterli fon olmamas\u0131 anlam\u0131na geldi\u011fi konusunda uyard\u0131.<\/p>\n<p>A\u00e7\u0131klamada, y\u0131k\u0131c\u0131 deprem nedeniyle Suriye&#8217;ye uygulanan ablukan\u0131n toplu katliam anlam\u0131na geldi\u011fi ve durdurulmas\u0131 gerekti\u011fi vurguland\u0131.<\/p>\n<p>Avusturya&#8217;n\u0131n ba\u015fkenti Viyana&#8217;n\u0131n merkezinde Per\u015fembe ak\u015fam\u0131 toplanan dernek, Suriye&#8217;ye uygulanan yapt\u0131r\u0131mlar\u0131n kald\u0131r\u0131lmas\u0131 ve depremden etkilenen herkesle dayan\u0131\u015fma i\u00e7inde dayan\u0131\u015fma ve protesto duru\u015fu \u00e7a\u011fr\u0131s\u0131nda bulundu.<\/p>\n<p>&nbsp;<\/p>\n<p>R.M.<\/p>\n<p><a href=\"https:\/\/t.me\/SuriyeArapHaberAjansI\">Telegram Kanal\u0131m\u0131z\u00a0<\/a><\/p>\n<p><a href=\"https:\/\/www.facebook.com\/SANAHaberAjansi\/\">Facebook Sayfam\u0131z<\/a><\/p>\n","protected":false},"excerpt":{"rendered":"<p>V\u0130YANA &#8211; \u201cSuriye&#8217;den Elinizi \u00c7ekin\u201d Dayan\u0131\u015fma Derne\u011fi, Suriye&#8217;ye dayat\u0131lan tek tarafl\u0131 zorlay\u0131c\u0131 yapt\u0131r\u0131mlar\u0131n kald\u0131r\u0131lmas\u0131 ve d\u00fcn \u00fclkeyi vuran y\u0131k\u0131c\u0131 depremden etkilenenlere yard\u0131m\u0131n h\u0131zla ula\u015fmas\u0131na izin verilmesi \u00e7a\u011fr\u0131s\u0131nda bulundu. Dernek bug\u00fcn yapt\u0131\u011f\u0131 a\u00e7\u0131klamada, Suriyelilerin i\u00e7inden ge\u00e7mekte oldu\u011fu zor ko\u015fullar\u0131n sadece depremin de\u011fil,\u00a0 Washington ve Avrupa Birli\u011fi taraf\u0131ndan desteklenen Suriye&#8217;ye y\u00f6nelik askeri sald\u0131rganl\u0131k ve ter\u00f6rist sava\u015f\u0131n e\u015fli\u011finde,\u00a0 &hellip;<\/p>\n","protected":false},"author":41,"featured_media":273563,"comment_status":"closed","ping_status":"closed","sticky":false,"template":"","format":"standard","meta":{"footnotes":""},"categories":[458,459,17988],"tags":[],"class_list":["post-273562","post","type-post","status-publish","format-standard","has-post-thumbnail","","category-dunya1","category-haberler-arap-uluslararasi-politika","category-son-haberler"],"_links":{"self":[{"href":"https:\/\/archive.sana.sy\/tr\/index.php?rest_route=\/wp\/v2\/posts\/273562","targetHints":{"allow":["GET"]}}],"collection":[{"href":"https:\/\/archive.sana.sy\/tr\/index.php?rest_route=\/wp\/v2\/posts"}],"about":[{"href":"https:\/\/archive.sana.sy\/tr\/index.php?rest_route=\/wp\/v2\/types\/post"}],"author":[{"embeddable":true,"href":"https:\/\/archive.sana.sy\/tr\/index.php?rest_route=\/wp\/v2\/users\/41"}],"replies":[{"embeddable":true,"href":"https:\/\/archive.sana.sy\/tr\/index.php?rest_route=%2Fwp%2Fv2%2Fcomments&post=273562"}],"version-history":[{"count":0,"href":"https:\/\/archive.sana.sy\/tr\/index.php?rest_route=\/wp\/v2\/posts\/273562\/revisions"}],"wp:featuredmedia":[{"embeddable":true,"href":"https:\/\/archive.sana.sy\/tr\/index.php?rest_route=\/wp\/v2\/media\/273563"}],"wp:attachment":[{"href":"https:\/\/archive.sana.sy\/tr\/index.php?rest_route=%2Fwp%2Fv2%2Fmedia&parent=273562"}],"wp:term":[{"taxonomy":"category","embeddable":true,"href":"https:\/\/archive.sana.sy\/tr\/index.php?rest_route=%2Fwp%2Fv2%2Fcategories&post=273562"},{"taxonomy":"post_tag","embeddable":true,"href":"https:\/\/archive.sana.sy\/tr\/index.php?rest_route=%2Fwp%2Fv2%2Ftags&post=273562"}],"curies":[{"name":"wp","href":"https:\/\/api.w.org\/{rel}","templated":true}]}}