{"id":273579,"date":"2023-02-08T17:13:15","date_gmt":"2023-02-08T14:13:15","guid":{"rendered":"https:\/\/sana.sy\/tr\/?p=273579"},"modified":"2023-02-09T14:35:50","modified_gmt":"2023-02-09T11:35:50","slug":"mahluf-yardim-plani-ve-yardim-dagitim-mekanizmalarinin-onceliklerini-netlestirdir","status":"publish","type":"post","link":"https:\/\/archive.sana.sy\/tr\/?p=273579","title":{"rendered":"Mahluf, Yard\u0131m Plan\u0131 Ve Yard\u0131m Da\u011f\u0131t\u0131m Mekanizmalar\u0131n\u0131n \u00d6nceliklerini Netle\u015ftirdir"},"content":{"rendered":"<p><strong>\u015eAM<\/strong> &#8211; Yerel Y\u00f6netim ve \u00c7evre Bakan H\u00fcseyin Mahluf\u0131, Yard\u0131m Y\u00fcksek Kurulu Ba\u015fkan\u0131, yard\u0131m \u00e7al\u0131\u015fmalar\u0131nda \u00f6nceli\u011fin hayat kurtarmak, enkaz kald\u0131rmak ve depremde hasar g\u00f6ren binalar\u0131 onarmak oldu\u011funu vurgulayarak, <img loading=\"lazy\" decoding=\"async\" class=\"size-full wp-image-273581 alignright\" src=\"http:\/\/sana.sy\/tr\/wp-content\/uploads\/2023\/02\/DS2_5775-copy-300x200-1.jpg\" alt=\"\" width=\"300\" height=\"200\" srcset=\"https:\/\/archive.sana.sy\/tr\/wp-content\/uploads\/2023\/02\/DS2_5775-copy-300x200-1.jpg 300w, https:\/\/archive.sana.sy\/tr\/wp-content\/uploads\/2023\/02\/DS2_5775-copy-300x200-1-150x100.jpg 150w\" sizes=\"auto, (max-width: 300px) 100vw, 300px\" \/>Y\u00fcksek Komite ile valilikler ve ilgili bakanl\u0131klardaki alt komiteler, Suriye Arap K\u0131z\u0131lay\u0131, Suriye Kalk\u0131nma Vakf\u0131 ve sivil toplum temsilcileri aras\u0131nda koordinasyonun anl\u0131k oldu\u011funu kaydetti.<\/p>\n<p>Mahluf bug\u00fcn d\u00fczenledi\u011fi bas\u0131n toplant\u0131s\u0131nda, \u2018\u2019Felaketin ilk an\u0131ndan itibaren entegre bir plan \u00e7izildi, \u00e7al\u0131\u015fmalar organize edildi ve her bakanl\u0131\u011fa ve destinasyona roller da\u011f\u0131t\u0131ld\u0131. Plan\u0131n ba\u015fl\u0131\u011f\u0131 molozlar\u0131n kald\u0131r\u0131lmas\u0131 ve kurtar\u0131labilecek hayatlar\u0131n kurtar\u0131lmas\u0131na odaklanmakt\u0131. Enkaz alt\u0131nda kalan \u00e7ok say\u0131da insan\u0131, afetten etkilenen vilayetlerdeki resmi veya sivil mevcut kaynaklarla h\u0131zl\u0131 m\u00fcdahale ve \u00e7abalar sayesinde kurtarmay\u0131 ba\u015fard\u0131k\u2019\u2019 dedi.<\/p>\n<p>Mahluf ay\u0131rca, \u2018\u2019\u0130kinci \u00f6ncelik, kurtar\u0131lanlar\u0131n hastaneye yat\u0131r\u0131lmas\u0131 ve t\u0131bbi tedavilerinin sa\u011flanmas\u0131 ve hastanelerde tam sa\u011fl\u0131k hizmeti verilmesidir\u2026 \u00dc\u00e7\u00fcnc\u00fc \u00f6ncelik ise korku ve panik sonucu evlerini terk eden herkesin ve deprem sonucu evlerde olu\u015fan \u00e7atlaklar\u0131n ihtiya\u00e7lar\u0131n\u0131n giderilmesi\u2019\u2019 ifadelerini s\u00f6zlerine ekledi.<\/p>\n<p><img loading=\"lazy\" decoding=\"async\" class=\"size-full wp-image-273582 alignright\" src=\"http:\/\/sana.sy\/tr\/wp-content\/uploads\/2023\/02\/DS2_5800-copy-300x200-1.jpg\" alt=\"\" width=\"300\" height=\"200\" srcset=\"https:\/\/archive.sana.sy\/tr\/wp-content\/uploads\/2023\/02\/DS2_5800-copy-300x200-1.jpg 300w, https:\/\/archive.sana.sy\/tr\/wp-content\/uploads\/2023\/02\/DS2_5800-copy-300x200-1-150x100.jpg 150w\" sizes=\"auto, (max-width: 300px) 100vw, 300px\" \/>Depremde \u015fimdiye kadar \u00f6l\u00fc say\u0131s\u0131n\u0131n 1262&#8217;ye, yaral\u0131 say\u0131s\u0131n\u0131n ise 2285&#8217;e ula\u015ft\u0131\u011f\u0131n\u0131 ve bu say\u0131lar\u0131n muhtemelen artaca\u011f\u0131n\u0131, 293 bin 829 ki\u015finin evlerini terk etti\u011fini ve etkilenenler i\u00e7in 180 s\u0131\u011f\u0131nma evinin a\u00e7\u0131ld\u0131\u011f\u0131n\u0131 belirtern Mahluf, etkilenen vilayetlere (Halep, Lazkiye, Hama, Tartus ve \u0130dlib) do\u011fru ek miktarlarda yak\u0131t pompaland\u0131\u011f\u0131na dikkat \u00e7ekerken, ilk andan itibaren her vilayette bir operasyon odas\u0131 olu\u015fturulmas\u0131na, b\u00f6lgelerin hasara g\u00f6re sekt\u00f6rlere ayr\u0131lmas\u0131na ve her vilayette mevcut olan yetenek ve mekanizmalar\u0131n sekt\u00f6re y\u00f6nlendirilmesine i\u015faret etti.<\/p>\n<p>Bakan Mahluf, mevcut hava ko\u015fullar\u0131n\u0131n kurtarma ve yard\u0131m operasyonlar\u0131n\u0131 etkiledi\u011fi i\u00e7in durumu daha da k\u00f6t\u00fcle\u015ftirdi\u011fini belirterek, yeteneklere k\u0131yasla zor duruma i\u015faret etti.<\/p>\n<p>Mahluf, sivil savunma, itfaiye, sa\u011fl\u0131k kadrolar\u0131, i\u00e7 g\u00fcvenlik g\u00fc\u00e7leri, m\u00fchendislik ekipleri ve her uzmanl\u0131ktan teknisyenlerin ve cesur Suriye Arap Ordusu&#8217;nun t\u00fcm yard\u0131m ve kurtarma \u00e7abalar\u0131n\u0131n \u00f6n saflar\u0131nda yer ald\u0131\u011f\u0131n\u0131 belirtti.<\/p>\n<p><img loading=\"lazy\" decoding=\"async\" class=\"size-full wp-image-273582 alignright\" src=\"http:\/\/sana.sy\/tr\/wp-content\/uploads\/2023\/02\/DS2_5800-copy-300x200-1.jpg\" alt=\"\" width=\"300\" height=\"200\" srcset=\"https:\/\/archive.sana.sy\/tr\/wp-content\/uploads\/2023\/02\/DS2_5800-copy-300x200-1.jpg 300w, https:\/\/archive.sana.sy\/tr\/wp-content\/uploads\/2023\/02\/DS2_5800-copy-300x200-1-150x100.jpg 150w\" sizes=\"auto, (max-width: 300px) 100vw, 300px\" \/>M\u00fchendis Mahluf, dayan\u0131\u015fmalar\u0131n\u0131 ifade eden ve Suriye&#8217;ye yard\u0131m g\u00f6nderen karde\u015f ve dost \u00fclkelere Suriye&#8217;nin te\u015fekk\u00fcrlerini iletti.<\/p>\n<p>SANA muhabirinin, bakanl\u0131\u011f\u0131n yard\u0131m da\u011f\u0131t\u0131m mekanizmas\u0131na ili\u015fkin plan\u0131na ili\u015fkin bir sorusuna yan\u0131t olarak, bu konudaki \u00f6ncelik nedir? Mahluf, \u2018\u2019Suriye, depremin meydana gelmesinden bu yana g\u00fcc\u00fcn\u00fc ve birlikteli\u011fini kendine has bir \u015fekilde organize etti ve bize destek olan uluslararas\u0131 kurulu\u015flar, bu i\u015fin kurumsalla\u015fmas\u0131yla devletin farkl\u0131l\u0131\u011f\u0131n\u0131 kaydetti. Bug\u00fcn Y\u00fcksek Yard\u0131m Komitesi, valiliklerdeki alt komiteler, ilgili t\u00fcm bakanl\u0131klar, Suriye Arap K\u0131z\u0131lay\u0131, Suriye Kalk\u0131nma Vakf\u0131 ve sivil toplum temsilcileri koordinasyon rolleri \u00fcstleniyor. Y\u00fcksek Komite, etkilenen valiliklerde etkilenenlere yard\u0131m g\u00f6ndermek i\u00e7in \u00fclkeler ve uluslararas\u0131 kurulu\u015flarla da koordinasyon sa\u011fl\u0131yor.\u2019\u2019 ifadelerini kulland\u0131r.<\/p>\n<p>&nbsp;<\/p>\n<p>R.M.<\/p>\n<p><a href=\"https:\/\/t.me\/SuriyeArapHaberAjansI\">Telegram Kanal\u0131m\u0131z\u00a0<\/a><\/p>\n<p><a href=\"https:\/\/www.facebook.com\/SANAHaberAjansi\/\">Facebook Sayfam\u0131z<\/a><\/p>\n","protected":false},"excerpt":{"rendered":"<p>\u015eAM &#8211; Yerel Y\u00f6netim ve \u00c7evre Bakan H\u00fcseyin Mahluf\u0131, Yard\u0131m Y\u00fcksek Kurulu Ba\u015fkan\u0131, yard\u0131m \u00e7al\u0131\u015fmalar\u0131nda \u00f6nceli\u011fin hayat kurtarmak, enkaz kald\u0131rmak ve depremde hasar g\u00f6ren binalar\u0131 onarmak oldu\u011funu vurgulayarak, Y\u00fcksek Komite ile valilikler ve ilgili bakanl\u0131klardaki alt komiteler, Suriye Arap K\u0131z\u0131lay\u0131, Suriye Kalk\u0131nma Vakf\u0131 ve sivil toplum temsilcileri aras\u0131nda koordinasyonun anl\u0131k oldu\u011funu kaydetti. Mahluf bug\u00fcn d\u00fczenledi\u011fi &hellip;<\/p>\n","protected":false},"author":41,"featured_media":273580,"comment_status":"closed","ping_status":"closed","sticky":false,"template":"","format":"standard","meta":{"footnotes":""},"categories":[479,17988,478],"tags":[],"class_list":["post-273579","post","type-post","status-publish","format-standard","has-post-thumbnail","","category-haberler-yerel","category-son-haberler","category-yerel"],"_links":{"self":[{"href":"https:\/\/archive.sana.sy\/tr\/index.php?rest_route=\/wp\/v2\/posts\/273579","targetHints":{"allow":["GET"]}}],"collection":[{"href":"https:\/\/archive.sana.sy\/tr\/index.php?rest_route=\/wp\/v2\/posts"}],"about":[{"href":"https:\/\/archive.sana.sy\/tr\/index.php?rest_route=\/wp\/v2\/types\/post"}],"author":[{"embeddable":true,"href":"https:\/\/archive.sana.sy\/tr\/index.php?rest_route=\/wp\/v2\/users\/41"}],"replies":[{"embeddable":true,"href":"https:\/\/archive.sana.sy\/tr\/index.php?rest_route=%2Fwp%2Fv2%2Fcomments&post=273579"}],"version-history":[{"count":0,"href":"https:\/\/archive.sana.sy\/tr\/index.php?rest_route=\/wp\/v2\/posts\/273579\/revisions"}],"wp:featuredmedia":[{"embeddable":true,"href":"https:\/\/archive.sana.sy\/tr\/index.php?rest_route=\/wp\/v2\/media\/273580"}],"wp:attachment":[{"href":"https:\/\/archive.sana.sy\/tr\/index.php?rest_route=%2Fwp%2Fv2%2Fmedia&parent=273579"}],"wp:term":[{"taxonomy":"category","embeddable":true,"href":"https:\/\/archive.sana.sy\/tr\/index.php?rest_route=%2Fwp%2Fv2%2Fcategories&post=273579"},{"taxonomy":"post_tag","embeddable":true,"href":"https:\/\/archive.sana.sy\/tr\/index.php?rest_route=%2Fwp%2Fv2%2Ftags&post=273579"}],"curies":[{"name":"wp","href":"https:\/\/api.w.org\/{rel}","templated":true}]}}