{"id":273638,"date":"2023-02-08T18:30:42","date_gmt":"2023-02-08T15:30:42","guid":{"rendered":"https:\/\/sana.sy\/tr\/?p=273638"},"modified":"2023-02-10T08:54:20","modified_gmt":"2023-02-10T05:54:20","slug":"suriye-kalkinma-vakfi-depremden-etkilenen-bolgelerdeki-cocuklar-icin-sut-bagisi-yapilmasi-cagrisinda-bulundu","status":"publish","type":"post","link":"https:\/\/archive.sana.sy\/tr\/?p=273638","title":{"rendered":"Suriye Kalk\u0131nma Vakf\u0131, Depremden Etkilenen B\u00f6lgelerdeki \u00c7ocuklar \u0130\u00e7in S\u00fct Ba\u011f\u0131\u015f\u0131 Yap\u0131lmas\u0131 \u00c7a\u011fr\u0131s\u0131nda Bulundu"},"content":{"rendered":"<p><strong>\u015eAM \u2013<\/strong> Suriye Kalk\u0131nma Vakf\u0131, etkinlik sahiplerini ve ba\u011f\u0131\u015fta bulunabilecek t\u00fcm taraflar\u0131, hayatta kalmalar\u0131na yard\u0131mc\u0131 olmak i\u00e7in etkilenen b\u00f6lgelerdeki \u00e7ocuklara s\u00fct ba\u011f\u0131\u015flamaya \u00e7a\u011f\u0131rd\u0131.<\/p>\n<p>Vak\u0131f, Facebook sayfas\u0131nda yapt\u0131\u011f\u0131 a\u00e7\u0131klamada, \u00e7ocuklar\u0131n insani bak\u0131ma ve \u00e7ocuklara y\u00f6nelik s\u00fct ba\u011f\u0131\u015f\u0131 ve yard\u0131m gerektiren g\u0131da ve ila\u00e7 sa\u011flanmas\u0131na \u00e7ok muhta\u00e7 oldu\u011funu belirtti.<\/p>\n<p><a href=\"https:\/\/t.me\/SuriyeArapHaberAjansI\">Telegram Kanal\u0131m\u0131z\u00a0<\/a><\/p>\n<p><a href=\"https:\/\/www.facebook.com\/SANAHaberAjansi\/\">Facebook Sayfam\u0131z<\/a><\/p>\n","protected":false},"excerpt":{"rendered":"<p>\u015eAM \u2013 Suriye Kalk\u0131nma Vakf\u0131, etkinlik sahiplerini ve ba\u011f\u0131\u015fta bulunabilecek t\u00fcm taraflar\u0131, hayatta kalmalar\u0131na yard\u0131mc\u0131 olmak i\u00e7in etkilenen b\u00f6lgelerdeki \u00e7ocuklara s\u00fct ba\u011f\u0131\u015flamaya \u00e7a\u011f\u0131rd\u0131. Vak\u0131f, Facebook sayfas\u0131nda yapt\u0131\u011f\u0131 a\u00e7\u0131klamada, \u00e7ocuklar\u0131n insani bak\u0131ma ve \u00e7ocuklara y\u00f6nelik s\u00fct ba\u011f\u0131\u015f\u0131 ve yard\u0131m gerektiren g\u0131da ve ila\u00e7 sa\u011flanmas\u0131na \u00e7ok muhta\u00e7 oldu\u011funu belirtti. Telegram Kanal\u0131m\u0131z\u00a0 Facebook Sayfam\u0131z<\/p>\n","protected":false},"author":36,"featured_media":273639,"comment_status":"closed","ping_status":"closed","sticky":false,"template":"","format":"standard","meta":{"footnotes":""},"categories":[479,17988,478],"tags":[],"class_list":["post-273638","post","type-post","status-publish","format-standard","has-post-thumbnail","","category-haberler-yerel","category-son-haberler","category-yerel"],"_links":{"self":[{"href":"https:\/\/archive.sana.sy\/tr\/index.php?rest_route=\/wp\/v2\/posts\/273638","targetHints":{"allow":["GET"]}}],"collection":[{"href":"https:\/\/archive.sana.sy\/tr\/index.php?rest_route=\/wp\/v2\/posts"}],"about":[{"href":"https:\/\/archive.sana.sy\/tr\/index.php?rest_route=\/wp\/v2\/types\/post"}],"author":[{"embeddable":true,"href":"https:\/\/archive.sana.sy\/tr\/index.php?rest_route=\/wp\/v2\/users\/36"}],"replies":[{"embeddable":true,"href":"https:\/\/archive.sana.sy\/tr\/index.php?rest_route=%2Fwp%2Fv2%2Fcomments&post=273638"}],"version-history":[{"count":0,"href":"https:\/\/archive.sana.sy\/tr\/index.php?rest_route=\/wp\/v2\/posts\/273638\/revisions"}],"wp:featuredmedia":[{"embeddable":true,"href":"https:\/\/archive.sana.sy\/tr\/index.php?rest_route=\/wp\/v2\/media\/273639"}],"wp:attachment":[{"href":"https:\/\/archive.sana.sy\/tr\/index.php?rest_route=%2Fwp%2Fv2%2Fmedia&parent=273638"}],"wp:term":[{"taxonomy":"category","embeddable":true,"href":"https:\/\/archive.sana.sy\/tr\/index.php?rest_route=%2Fwp%2Fv2%2Fcategories&post=273638"},{"taxonomy":"post_tag","embeddable":true,"href":"https:\/\/archive.sana.sy\/tr\/index.php?rest_route=%2Fwp%2Fv2%2Ftags&post=273638"}],"curies":[{"name":"wp","href":"https:\/\/api.w.org\/{rel}","templated":true}]}}