{"id":27383,"date":"2015-03-23T17:10:51","date_gmt":"2015-03-23T15:10:51","guid":{"rendered":"http:\/\/www.sana.sy\/tr\/?p=27383"},"modified":"2015-03-24T12:47:22","modified_gmt":"2015-03-24T10:47:22","slug":"teroristlerin-kahraman-askerilerimiz-onundeki-agir-kayiplari-suruyor","status":"publish","type":"post","link":"https:\/\/archive.sana.sy\/tr\/?p=27383","title":{"rendered":"Ter\u00f6ristlerin Kahraman Askerilerimiz \u00d6n\u00fcndeki A\u011f\u0131r Kay\u0131plar\u0131 S\u00fcr\u00fcyor"},"content":{"rendered":"<p>\u0130LLER \u2013 Ordu birliklerimizin vatani g\u00f6revleri \u00e7er\u00e7evesinde tekfiri ve kiral\u0131k ter\u00f6ristlere y\u00f6nelik d\u00fczenledikleri ba\u015far\u0131l\u0131 operasyonlar sonucunda ter\u00f6ristler a\u011f\u0131r kay\u0131plar vermeye devam ediyor.<\/p>\n<p><span style=\"color: #0000ff\">Halep K\u0131rsal\u0131nda Radikal Ter\u00f6ristler Saflar\u0131nda \u00c7ok Say\u0131da \u00d6l\u00fc ve Yaral\u0131<\/span><\/p>\n<p>Halep k\u0131rsal\u0131nda ordu birliklerimiz ihvanc\u0131 Erdo\u011fan rejimi taraf\u0131ndan desteklenen radikal ter\u00f6r \u00f6rg\u00fctlerin karargah ve toplanma merkezlerine y\u00f6nelik d\u00fczenledikleri ba\u015far\u0131l\u0131 operasyonlar sonucunda \u00e7ok say\u0131da ter\u00f6risti \u00f6l\u00fc ve yaral\u0131 d\u00fc\u015f\u00fcrd\u00fc.<\/p>\n<p>Askeri kaynak, ordu birliklerimizin Halep k\u0131rsal\u0131n\u0131n 20 km g\u00fcneyindeki Simon Da\u011f\u0131 B\u00f6lgesindeki el Zerba Beldesinde d\u00fczenledikleri ba\u015far\u0131l\u0131 operasyonlarda bir\u00e7ok ter\u00f6risti \u00f6ld\u00fcrerek kulland\u0131klar\u0131 ara\u00e7, silah ve cephaneyi de imha ettiklerini s\u00f6yledi.<\/p>\n<p>Kaynak, d\u00fcn de s\u0131cak temaslar\u0131n ya\u015fand\u0131\u011f\u0131 Handerat B\u00f6lgesinde tekfiri ter\u00f6r \u00f6rg\u00fctleri saflar\u0131nda \u00e7ok say\u0131da ter\u00f6ristin \u00f6l\u00fc ve yaral\u0131 d\u00fc\u015f\u00fcr\u00fcld\u00fc\u011f\u00fcn\u00fc belirtti.<\/p>\n<p>\u00d6te yandan, ter\u00f6ristlere ait sosyal payla\u015f\u0131m sayfalar\u0131nda; Halep k\u0131rsal\u0131n\u0131n kuzeyinde tekfiri ter\u00f6r \u00f6rg\u00fctlerin say\u0131 ve te\u00e7hizatlar\u0131yla a\u011f\u0131r kay\u0131plar verdikleri belirtildi. Payla\u015f\u0131lan haberlerde \u201cTunuslu Ebu Eveys\u201d ve Suudili \u2018Ebu Enes el \u015ealan\u2019\u0131n aralar\u0131nda bulundu\u011fu \u00f6ld\u00fcr\u00fclen baz\u0131 ter\u00f6ristlere ait foto\u011fraflar payla\u015f\u0131ld\u0131.<\/p>\n<p><span style=\"color: #0000ff\">Dera K\u0131rsal\u0131nda Ter\u00f6r Eleba\u015flar\u0131 \u00d6ld\u00fcr\u00fcld\u00fc<\/span><\/p>\n<p>Dera k\u0131rsal\u0131nda ise askeri kaynak; ordu birliklerimizin Busra el \u015eam Kasabas\u0131 yak\u0131nlar\u0131nda Siyonist \u0130srail&#8217;in destekledi\u011fi Nusra Cephesinden iki az\u0131l\u0131 komutan\u0131 \u00f6ld\u00fcrd\u00fcklerini aktard\u0131. Kaynak Kasaba yak\u0131nlar\u0131nda ya\u015fanan \u015fiddetli \u00e7at\u0131\u015fmalarda \u0130srail destekli onlarca ter\u00f6ristin a\u011f\u0131r silahlar\u0131 ve ara\u00e7lar\u0131yla etkisizle\u015ftirildiklerini belirtti.<\/p>\n<p>\u00d6ld\u00fcr\u00fclen ter\u00f6ristlerin bir k\u0131sm\u0131n\u0131n yabanc\u0131 oldu\u011funa dikkat \u00e7eken kaynak; aralar\u0131nda Nusra Cephesinin az\u0131l\u0131 komutanlar\u0131ndan Ahmet el Hariri ve Ali Mesalima\u2019n\u0131n bulundu\u011funu s\u00f6yledi.<\/p>\n<p>Kaynak ordu birliklerimizin Busra el \u015eam Kalesi yak\u0131nlar\u0131nda ka\u00e7an ter\u00f6ristleri kovalama ve ara\u00e7lar\u0131yla etkisizle\u015ftirme operasyonlar\u0131n\u0131 s\u00fcrd\u00fcr\u00fcrken, kalenin ter\u00f6ristler taraf\u0131ndan ele ge\u00e7irildi\u011fine ili\u015fkin haberlerin asl\u0131 ger\u00e7e\u011fi olmad\u0131\u011f\u0131n\u0131 ifade etti.<\/p>\n<p>Busra el \u015eam ile Maraba aras\u0131ndaki b\u00f6lgede ter\u00f6ristlere ait iki f\u00fcze rampas\u0131, bir z\u0131rhl\u0131 ara\u00e7 ve u\u00e7aksavarla donat\u0131lm\u0131\u015f 4X4 \u00e7eker bir arac\u0131n ta\u015f\u0131d\u0131klar\u0131 ter\u00f6ristlerle birlikte imha edildi\u011fini aktaran kaynak; ter\u00f6r \u00e7etelerinin f\u00fcze rampalar\u0131n\u0131 sivil yerle\u015fim alanlar\u0131na sald\u0131r\u0131lar\u0131nda kulland\u0131klar\u0131n\u0131 ifade etti.<\/p>\n<p>Ter\u00f6r \u00e7eteleri d\u00fcn Busra el \u015eam Kasabas\u0131nda sivil yerle\u015fim alanlar\u0131n\u0131 f\u00fczelerle hedef almalar\u0131yla geneli \u00e7ocuk ve kad\u0131nlardan olu\u015fan 15 vatanada\u015f \u015fehit, \u00e7ok say\u0131da vatanda\u015f da yaral\u0131 d\u00fc\u015fm\u00fc\u015flerdi.<\/p>\n<p>\u00d6te yandan kaynak ordu birliklerimizin yine Dera k\u0131rsal\u0131nda Cemrin, Zemrin, Ciyze, Sammad, Kahil, Maraba ve \u015eeyh Miskin b\u00f6lgelerinde onlarca ter\u00f6risti a\u011f\u0131r silahlar\u0131 ve 4X4 \u00e7eker ara\u00e7lar\u0131yla imha ettiklerini aktard\u0131.<\/p>\n<p>Dera k\u0131rsal\u0131n\u0131n Vadi el Zeydi B\u00f6lgesinde sivil yerle\u015fim alanlar\u0131na f\u00fcze ve havanlarla sald\u0131ran ter\u00f6r \u00e7etelere y\u00f6nelik operasyonlarda bulunan ordu birliklerimiz bir f\u00fcze bataryas\u0131n\u0131 tak\u0131m\u0131yla birlikte imha etti.<\/p>\n<p><span style=\"color: #0000ff\">Homs K\u0131rsal\u0131nda Ter\u00f6r Karargahlar\u0131 ve Ara\u00e7lar\u0131 \u0130mha edildi<\/span><\/p>\n<p>Bu arada askeri kaynak, ordu birliklerimizin Homs k\u0131rsal\u0131n\u0131n Karyeteyn, Mahasse, Hisye\u00a0 ve Vadi el Daba\u2019da ter\u00f6ristlere ait karargah ve ara\u00e7lar\u0131 imha ettiklerini s\u00f6yledi.<\/p>\n<p>Homs k\u0131rsal\u0131n\u0131n do\u011fusu Muhesse B\u00f6lgesinde ter\u00f6ristlerin bir k\u00fcmelenme yerlerini hedef alan ordu birliklerimiz ter\u00f6ristlerin yer de\u011fi\u015ftirmede kulland\u0131klar\u0131 iki kamyonu ta\u015f\u0131d\u0131klar\u0131 ter\u00f6ristlerle birlikte imha etti.<\/p>\n<p>Yine Homs k\u0131rsal\u0131n\u0131n Suhna B\u00f6lgesinde I\u015e\u0130D \u00e7etelerinin askeri noktalara sald\u0131r\u0131lar\u0131na kar\u015f\u0131 koyan ordu birliklerimiz; sald\u0131rganlar\u0131n b\u00fcy\u00fck bir k\u0131sm\u0131n\u0131 \u00f6l\u00fc yaral\u0131 d\u00fc\u015f\u00fcr\u00fcrlerken, kulland\u0131klar\u0131 bir\u00e7ok arac\u0131 da imha etti.<\/p>\n<p><span style=\"color: #0000ff\">\u0130dlib K\u0131rsal\u0131nda Ter\u00f6ristler Ara\u00e7lar\u0131yla \u0130mha Edildi<\/span><\/p>\n<p>\u0130dlib k\u0131rsal\u0131nda ise askeri bir kaynak ordu birliklerimizin el Habit, Tel Denit, Feylun, Kefarcalis, Deyr S\u00fcnb\u00fcl ve Beyalon\u2019da \u00e7ok say\u0131da ter\u00f6risti \u00f6ld\u00fcrd\u00fcklerini, ara\u00e7lar\u0131n\u0131 da imha ettiklerini belirtti.<\/p>\n<p><span style=\"color: #0000ff\">Deyrezzor\u2019da I\u015e\u0130D\u2019li 19 Ter\u00f6rist \u00d6ld\u00fcr\u00fcld\u00fc<\/span><\/p>\n<p>Deyrezzor Kentinin R\u00fc\u015fdiye Semti ve \u015eubat Caddesinde I\u015e\u0130D \u00d6rg\u00fct\u00fcn\u00fcn mevkilerine ani sald\u0131r\u0131 operasyonlar\u0131 d\u00fczenleyen ordu birliklerimiz 19 ter\u00f6risti \u00f6l\u00fc, 22 ter\u00f6risti de yaral\u0131 d\u00fc\u015f\u00fcrd\u00fc.<\/p>\n<p>Bu arada ordu birliklerimiz Deyrezzor k\u0131rsal\u0131nda I\u015e\u0130D tekfircilerini b\u00fcy\u00fck kay\u0131plara u\u011fratmas\u0131 ve bir\u00e7ok b\u00f6lgeden \u00e7ekilmelerini sa\u011flamas\u0131na e\u015f zamanl\u0131 olarak Deyrezzor Kentinin muhtelif b\u00f6lgelerinde \u00e7eteleri kovalama ve su\u00e7 edatlar\u0131yla birlikte etkisizle\u015ftirme operasyonlar\u0131n\u0131 s\u00fcrd\u00fcr\u00fcyor.<\/p>\n<p>A.A. &#8211; S.\u015e.<\/p>\n","protected":false},"excerpt":{"rendered":"<p>\u0130LLER \u2013 Ordu birliklerimizin vatani g\u00f6revleri \u00e7er\u00e7evesinde tekfiri ve kiral\u0131k ter\u00f6ristlere y\u00f6nelik d\u00fczenledikleri ba\u015far\u0131l\u0131 operasyonlar sonucunda ter\u00f6ristler a\u011f\u0131r kay\u0131plar vermeye devam ediyor. Halep K\u0131rsal\u0131nda Radikal Ter\u00f6ristler Saflar\u0131nda \u00c7ok Say\u0131da \u00d6l\u00fc ve Yaral\u0131 Halep k\u0131rsal\u0131nda ordu birliklerimiz ihvanc\u0131 Erdo\u011fan rejimi taraf\u0131ndan desteklenen radikal ter\u00f6r \u00f6rg\u00fctlerin karargah ve toplanma merkezlerine y\u00f6nelik d\u00fczenledikleri ba\u015far\u0131l\u0131 operasyonlar sonucunda \u00e7ok say\u0131da &hellip;<\/p>\n","protected":false},"author":1,"featured_media":27384,"comment_status":"closed","ping_status":"closed","sticky":false,"template":"","format":"standard","meta":{"footnotes":""},"categories":[575],"tags":[12841],"class_list":["post-27383","post","type-post","status-publish","format-standard","has-post-thumbnail","","category-olaylar-ve-gercekler","tag-teroristlerin-kahraman-askerilerimiz-onundeki-agir-kayiplari-suruyor-iller-ordu-birliklerimizin-vatani-gorevleri-cercevesinde-tekfiri-ve-kiralik-teroristlere-yonelik-duzenledikleri-basarili"],"_links":{"self":[{"href":"https:\/\/archive.sana.sy\/tr\/index.php?rest_route=\/wp\/v2\/posts\/27383","targetHints":{"allow":["GET"]}}],"collection":[{"href":"https:\/\/archive.sana.sy\/tr\/index.php?rest_route=\/wp\/v2\/posts"}],"about":[{"href":"https:\/\/archive.sana.sy\/tr\/index.php?rest_route=\/wp\/v2\/types\/post"}],"author":[{"embeddable":true,"href":"https:\/\/archive.sana.sy\/tr\/index.php?rest_route=\/wp\/v2\/users\/1"}],"replies":[{"embeddable":true,"href":"https:\/\/archive.sana.sy\/tr\/index.php?rest_route=%2Fwp%2Fv2%2Fcomments&post=27383"}],"version-history":[{"count":0,"href":"https:\/\/archive.sana.sy\/tr\/index.php?rest_route=\/wp\/v2\/posts\/27383\/revisions"}],"wp:featuredmedia":[{"embeddable":true,"href":"https:\/\/archive.sana.sy\/tr\/index.php?rest_route=\/wp\/v2\/media\/27384"}],"wp:attachment":[{"href":"https:\/\/archive.sana.sy\/tr\/index.php?rest_route=%2Fwp%2Fv2%2Fmedia&parent=27383"}],"wp:term":[{"taxonomy":"category","embeddable":true,"href":"https:\/\/archive.sana.sy\/tr\/index.php?rest_route=%2Fwp%2Fv2%2Fcategories&post=27383"},{"taxonomy":"post_tag","embeddable":true,"href":"https:\/\/archive.sana.sy\/tr\/index.php?rest_route=%2Fwp%2Fv2%2Ftags&post=27383"}],"curies":[{"name":"wp","href":"https:\/\/api.w.org\/{rel}","templated":true}]}}