{"id":27386,"date":"2015-03-23T16:00:24","date_gmt":"2015-03-23T14:00:24","guid":{"rendered":"http:\/\/www.sana.sy\/tr\/?p=27386"},"modified":"2015-03-24T16:57:05","modified_gmt":"2015-03-24T14:57:05","slug":"erdogan-baglantili-cetelerin-hain-saldirilarinda-12-sehit-30-yarali","status":"publish","type":"post","link":"https:\/\/archive.sana.sy\/tr\/?p=27386","title":{"rendered":"Erdo\u011fan Ba\u011flant\u0131l\u0131 \u00c7etelerin Hain Sald\u0131r\u0131lar\u0131nda 12 \u015eehit 30 Yaral\u0131"},"content":{"rendered":"<p>HALEP \u2013 Halep ve k\u0131rsal\u0131nda T\u00fcrkiye&#8217;deki rejimin \u2018\u0131l\u0131ml\u0131 muhalifler\u2019 ad\u0131 alt\u0131nda destekleyip y\u00f6nlendirdi\u011fi ter\u00f6r \u00e7eteleri sivil yerle\u015fim alanlar\u0131na f\u00fczelerle sald\u0131rd\u0131lar.<\/p>\n<p>Halep Emniyet M\u00fcd\u00fcrl\u00fc\u011f\u00fcnde bir kaynak; ihvanc\u0131 Erdo\u011fan \u00e7etelerinin Halep Kentinin Cmeyliye ve Baron Caddesini f\u00fczelerle geli\u015fi g\u00fczel hedef ald\u0131klar\u0131n\u0131 aktard\u0131. Kaynak gaddar sald\u0131r\u0131larda geneli \u00e7ocuk ve kad\u0131nlardan olu\u015fan 12 vatanda\u015f\u0131n \u015fehit, 30 vatanda\u015f\u0131n da yaral\u0131 d\u00fc\u015ft\u00fcklerini a\u00e7\u0131klarken, vatanda\u015flara ait ev, i\u015fyerleri ve ara\u00e7lar\u0131n b\u00fcy\u00fck hasar g\u00f6rd\u00fc\u011f\u00fcn\u00fc s\u00f6yledi.<\/p>\n<p>Halep il Sa\u011fl\u0131k M\u00fcd\u00fcrl\u00fc\u011f\u00fcnde bir kaynak ise yaral\u0131lar\u0131n b\u00fcy\u00fck \u00e7o\u011funlu\u011funun \u00e7ocuk oldu\u011funu, bir k\u0131sm\u0131n\u0131n da durumlar\u0131n\u0131n a\u011f\u0131r oldu\u011funu belirtti.<\/p>\n<p>A.A.<\/p>\n","protected":false},"excerpt":{"rendered":"<p>HALEP \u2013 Halep ve k\u0131rsal\u0131nda T\u00fcrkiye&#8217;deki rejimin \u2018\u0131l\u0131ml\u0131 muhalifler\u2019 ad\u0131 alt\u0131nda destekleyip y\u00f6nlendirdi\u011fi ter\u00f6r \u00e7eteleri sivil yerle\u015fim alanlar\u0131na f\u00fczelerle sald\u0131rd\u0131lar. Halep Emniyet M\u00fcd\u00fcrl\u00fc\u011f\u00fcnde bir kaynak; ihvanc\u0131 Erdo\u011fan \u00e7etelerinin Halep Kentinin Cmeyliye ve Baron Caddesini f\u00fczelerle geli\u015fi g\u00fczel hedef ald\u0131klar\u0131n\u0131 aktard\u0131. Kaynak gaddar sald\u0131r\u0131larda geneli \u00e7ocuk ve kad\u0131nlardan olu\u015fan 12 vatanda\u015f\u0131n \u015fehit, 30 vatanda\u015f\u0131n da yaral\u0131 &hellip;<\/p>\n","protected":false},"author":1,"featured_media":27393,"comment_status":"closed","ping_status":"closed","sticky":false,"template":"","format":"standard","meta":{"footnotes":""},"categories":[575],"tags":[12842],"class_list":["post-27386","post","type-post","status-publish","format-standard","has-post-thumbnail","","category-olaylar-ve-gercekler","tag-erdogan-baglantili-cetelerin-hain-saldirilarinda-12-sehit-30-yarali-halep-halep-ve-kirsalinda-turkiyedeki-rejimin-ilimli-muhalifler-adi-altinda-destekleyip-yonlendirdigi-t"],"_links":{"self":[{"href":"https:\/\/archive.sana.sy\/tr\/index.php?rest_route=\/wp\/v2\/posts\/27386","targetHints":{"allow":["GET"]}}],"collection":[{"href":"https:\/\/archive.sana.sy\/tr\/index.php?rest_route=\/wp\/v2\/posts"}],"about":[{"href":"https:\/\/archive.sana.sy\/tr\/index.php?rest_route=\/wp\/v2\/types\/post"}],"author":[{"embeddable":true,"href":"https:\/\/archive.sana.sy\/tr\/index.php?rest_route=\/wp\/v2\/users\/1"}],"replies":[{"embeddable":true,"href":"https:\/\/archive.sana.sy\/tr\/index.php?rest_route=%2Fwp%2Fv2%2Fcomments&post=27386"}],"version-history":[{"count":0,"href":"https:\/\/archive.sana.sy\/tr\/index.php?rest_route=\/wp\/v2\/posts\/27386\/revisions"}],"wp:featuredmedia":[{"embeddable":true,"href":"https:\/\/archive.sana.sy\/tr\/index.php?rest_route=\/wp\/v2\/media\/27393"}],"wp:attachment":[{"href":"https:\/\/archive.sana.sy\/tr\/index.php?rest_route=%2Fwp%2Fv2%2Fmedia&parent=27386"}],"wp:term":[{"taxonomy":"category","embeddable":true,"href":"https:\/\/archive.sana.sy\/tr\/index.php?rest_route=%2Fwp%2Fv2%2Fcategories&post=27386"},{"taxonomy":"post_tag","embeddable":true,"href":"https:\/\/archive.sana.sy\/tr\/index.php?rest_route=%2Fwp%2Fv2%2Ftags&post=27386"}],"curies":[{"name":"wp","href":"https:\/\/api.w.org\/{rel}","templated":true}]}}