{"id":274095,"date":"2023-02-12T13:32:26","date_gmt":"2023-02-12T10:32:26","guid":{"rendered":"https:\/\/sana.sy\/tr\/?p=274095"},"modified":"2023-02-13T08:09:03","modified_gmt":"2023-02-13T05:09:03","slug":"arnus-tunus-basbakanindan-bir-taziye-telgrafi-aldi","status":"publish","type":"post","link":"https:\/\/archive.sana.sy\/tr\/?p=274095","title":{"rendered":"Arnus, Tunus Ba\u015fbakan\u0131&#8217;ndan Bir Taziye Telgraf\u0131 Ald\u0131"},"content":{"rendered":"<p>\u015eAM \u2013 Ba\u015fbakan M\u00fch. H\u00fcseyin Arnus, bug\u00fcn Tunus Ba\u015fbakan\u0131 Naglaa Boudin Ramadan&#8217;dan, \u00e7ok Suriye \u0130llerini vuran y\u0131k\u0131c\u0131 deprem sonucunda Suriye h\u00fck\u00fcmeti, Suriye halk\u0131 ve kurbanlar\u0131n ailelerine taziyelerini ileten bir taziye telgraf\u0131 ald\u0131.<\/p>\n<p>Ramazan telgrafta, &#8220;Suriye Arap Cumhuriyeti&#8217;nin \u00e7e\u015fitli b\u00f6lgelerini vuran, \u00e7ok say\u0131da can kayb\u0131 ve yaralanmaya, b\u00fcy\u00fck maddi kay\u0131plara neden olan \u015fiddetli deprem haberini b\u00fcy\u00fck ve derin bir \u00fcz\u00fcnt\u00fcyle ald\u0131k&#8221; dedi.<\/p>\n<p>Ramazan: &#8220;bu ac\u0131 verici durumda, kendi ad\u0131ma ve Tunus h\u00fck\u00fcmeti ad\u0131na size, Suriye h\u00fck\u00fcmetine ve kurbanlar\u0131n ailelerine en s\u0131cak ba\u015fsa\u011fl\u0131\u011f\u0131 dileklerimle ve bu b\u00fcy\u00fck kay\u0131p i\u00e7in en i\u00e7ten sempati duygular\u0131yla hitap etmekten kendimi alam\u0131yorum\u201d dedi.<\/p>\n<p>Ramazan, \u201cyaral\u0131lara acil \u015fifalar diliyor, Allah&#8217;tan Suriye halk\u0131n\u0131 her t\u00fcrl\u00fc beladan korumas\u0131n\u0131, kurbanlar\u0131n rahmetinin bollu\u011fuyla dolmas\u0131n\u0131 ve ailelerine g\u00fczel bir sab\u0131r ve teselli a\u015f\u0131lamas\u0131n\u0131 temenni ediyorum&#8221; dedi.<\/p>\n<p><a href=\"https:\/\/t.me\/SuriyeArapHaberAjansI\">Telegram Kanal\u0131m\u0131z\u00a0<\/a><\/p>\n<p><a href=\"https:\/\/www.facebook.com\/SANAHaberAjansi\/\">Facebook Sayfam\u0131z<\/a><\/p>\n","protected":false},"excerpt":{"rendered":"<p>\u015eAM \u2013 Ba\u015fbakan M\u00fch. H\u00fcseyin Arnus, bug\u00fcn Tunus Ba\u015fbakan\u0131 Naglaa Boudin Ramadan&#8217;dan, \u00e7ok Suriye \u0130llerini vuran y\u0131k\u0131c\u0131 deprem sonucunda Suriye h\u00fck\u00fcmeti, Suriye halk\u0131 ve kurbanlar\u0131n ailelerine taziyelerini ileten bir taziye telgraf\u0131 ald\u0131. Ramazan telgrafta, &#8220;Suriye Arap Cumhuriyeti&#8217;nin \u00e7e\u015fitli b\u00f6lgelerini vuran, \u00e7ok say\u0131da can kayb\u0131 ve yaralanmaya, b\u00fcy\u00fck maddi kay\u0131plara neden olan \u015fiddetli deprem haberini b\u00fcy\u00fck &hellip;<\/p>\n","protected":false},"author":36,"featured_media":274096,"comment_status":"closed","ping_status":"closed","sticky":false,"template":"","format":"standard","meta":{"footnotes":""},"categories":[458,459,17988],"tags":[],"class_list":["post-274095","post","type-post","status-publish","format-standard","has-post-thumbnail","","category-dunya1","category-haberler-arap-uluslararasi-politika","category-son-haberler"],"_links":{"self":[{"href":"https:\/\/archive.sana.sy\/tr\/index.php?rest_route=\/wp\/v2\/posts\/274095","targetHints":{"allow":["GET"]}}],"collection":[{"href":"https:\/\/archive.sana.sy\/tr\/index.php?rest_route=\/wp\/v2\/posts"}],"about":[{"href":"https:\/\/archive.sana.sy\/tr\/index.php?rest_route=\/wp\/v2\/types\/post"}],"author":[{"embeddable":true,"href":"https:\/\/archive.sana.sy\/tr\/index.php?rest_route=\/wp\/v2\/users\/36"}],"replies":[{"embeddable":true,"href":"https:\/\/archive.sana.sy\/tr\/index.php?rest_route=%2Fwp%2Fv2%2Fcomments&post=274095"}],"version-history":[{"count":0,"href":"https:\/\/archive.sana.sy\/tr\/index.php?rest_route=\/wp\/v2\/posts\/274095\/revisions"}],"wp:featuredmedia":[{"embeddable":true,"href":"https:\/\/archive.sana.sy\/tr\/index.php?rest_route=\/wp\/v2\/media\/274096"}],"wp:attachment":[{"href":"https:\/\/archive.sana.sy\/tr\/index.php?rest_route=%2Fwp%2Fv2%2Fmedia&parent=274095"}],"wp:term":[{"taxonomy":"category","embeddable":true,"href":"https:\/\/archive.sana.sy\/tr\/index.php?rest_route=%2Fwp%2Fv2%2Fcategories&post=274095"},{"taxonomy":"post_tag","embeddable":true,"href":"https:\/\/archive.sana.sy\/tr\/index.php?rest_route=%2Fwp%2Fv2%2Ftags&post=274095"}],"curies":[{"name":"wp","href":"https:\/\/api.w.org\/{rel}","templated":true}]}}