{"id":274104,"date":"2023-02-12T13:30:52","date_gmt":"2023-02-12T10:30:52","guid":{"rendered":"https:\/\/sana.sy\/tr\/?p=274104"},"modified":"2023-02-13T08:08:57","modified_gmt":"2023-02-13T05:08:57","slug":"irak-halepe-iki-insani-yardim-ucagi-gonderdi","status":"publish","type":"post","link":"https:\/\/archive.sana.sy\/tr\/?p=274104","title":{"rendered":"Irak Halep&#8217;e \u0130ki \u0130nsani Yard\u0131m U\u00e7a\u011f\u0131 G\u00f6nderdi"},"content":{"rendered":"<p><strong>BA\u011eDAT<\/strong> \u2013 Irak h\u00fck\u00fcmeti, bug\u00fcn yard\u0131m malzemeleri ta\u015f\u0131yan iki u\u00e7a\u011f\u0131 Halep kentine g\u00f6nderdi\u011fini ilan etti.<\/p>\n<p>Bakanlar Kurulu Genel Sekreterli\u011fi S\u00f6zc\u00fcs\u00fc Haider Maciyd, Irak Haber Ajans\u0131&#8217;na (INA) yapt\u0131\u011f\u0131 a\u00e7\u0131klamada, &#8220;Birazdan bir u\u00e7a\u011f\u0131 \u00e7\u0131kacak, ayr\u0131ca bu ak\u015fam tonlarca muhtelif g\u0131da maddesini ta\u015f\u0131yan ba\u015fka bir u\u00e7ak Halep kentine gidecek\u201d dedi.<\/p>\n<p><a href=\"https:\/\/t.me\/SuriyeArapHaberAjansI\">Telegram Kanal\u0131m\u0131z\u00a0<\/a><\/p>\n<p><a href=\"https:\/\/www.facebook.com\/SANAHaberAjansi\/\">Facebook Sayfam\u0131z<\/a><\/p>\n<p>&nbsp;<\/p>\n","protected":false},"excerpt":{"rendered":"<p>BA\u011eDAT \u2013 Irak h\u00fck\u00fcmeti, bug\u00fcn yard\u0131m malzemeleri ta\u015f\u0131yan iki u\u00e7a\u011f\u0131 Halep kentine g\u00f6nderdi\u011fini ilan etti. Bakanlar Kurulu Genel Sekreterli\u011fi S\u00f6zc\u00fcs\u00fc Haider Maciyd, Irak Haber Ajans\u0131&#8217;na (INA) yapt\u0131\u011f\u0131 a\u00e7\u0131klamada, &#8220;Birazdan bir u\u00e7a\u011f\u0131 \u00e7\u0131kacak, ayr\u0131ca bu ak\u015fam tonlarca muhtelif g\u0131da maddesini ta\u015f\u0131yan ba\u015fka bir u\u00e7ak Halep kentine gidecek\u201d dedi. Telegram Kanal\u0131m\u0131z\u00a0 Facebook Sayfam\u0131z &nbsp;<\/p>\n","protected":false},"author":39,"featured_media":274105,"comment_status":"closed","ping_status":"closed","sticky":false,"template":"","format":"standard","meta":{"footnotes":""},"categories":[458,459,17988],"tags":[],"class_list":["post-274104","post","type-post","status-publish","format-standard","has-post-thumbnail","","category-dunya1","category-haberler-arap-uluslararasi-politika","category-son-haberler"],"_links":{"self":[{"href":"https:\/\/archive.sana.sy\/tr\/index.php?rest_route=\/wp\/v2\/posts\/274104","targetHints":{"allow":["GET"]}}],"collection":[{"href":"https:\/\/archive.sana.sy\/tr\/index.php?rest_route=\/wp\/v2\/posts"}],"about":[{"href":"https:\/\/archive.sana.sy\/tr\/index.php?rest_route=\/wp\/v2\/types\/post"}],"author":[{"embeddable":true,"href":"https:\/\/archive.sana.sy\/tr\/index.php?rest_route=\/wp\/v2\/users\/39"}],"replies":[{"embeddable":true,"href":"https:\/\/archive.sana.sy\/tr\/index.php?rest_route=%2Fwp%2Fv2%2Fcomments&post=274104"}],"version-history":[{"count":0,"href":"https:\/\/archive.sana.sy\/tr\/index.php?rest_route=\/wp\/v2\/posts\/274104\/revisions"}],"wp:featuredmedia":[{"embeddable":true,"href":"https:\/\/archive.sana.sy\/tr\/index.php?rest_route=\/wp\/v2\/media\/274105"}],"wp:attachment":[{"href":"https:\/\/archive.sana.sy\/tr\/index.php?rest_route=%2Fwp%2Fv2%2Fmedia&parent=274104"}],"wp:term":[{"taxonomy":"category","embeddable":true,"href":"https:\/\/archive.sana.sy\/tr\/index.php?rest_route=%2Fwp%2Fv2%2Fcategories&post=274104"},{"taxonomy":"post_tag","embeddable":true,"href":"https:\/\/archive.sana.sy\/tr\/index.php?rest_route=%2Fwp%2Fv2%2Ftags&post=274104"}],"curies":[{"name":"wp","href":"https:\/\/api.w.org\/{rel}","templated":true}]}}