{"id":274109,"date":"2023-02-12T16:07:00","date_gmt":"2023-02-12T13:07:00","guid":{"rendered":"https:\/\/sana.sy\/tr\/?p=274109"},"modified":"2023-02-14T10:44:10","modified_gmt":"2023-02-14T07:44:10","slug":"cumhurbaskani-esadin-direktifleri-dogrultusunda-halep-valisi-el-saar-mahallesindeki-kurtarma-operasyonlari-sirasinda-durustluklerinden-dolayi-bir-itfaiyeci-ve-bir-polisi-onurlandirdi","status":"publish","type":"post","link":"https:\/\/archive.sana.sy\/tr\/?p=274109","title":{"rendered":"Cumhurba\u015fkan\u0131 Esad&#8217;\u0131n Direktifleri Do\u011frultusunda \u2026 Halep Valisi, El \u015eaar Mahallesindeki Kurtarma Operasyonlar\u0131 S\u0131ras\u0131nda D\u00fcr\u00fcstl\u00fcklerinden Dolay\u0131 Bir \u0130tfaiyeci Ve Bir Polisi Onurland\u0131rd\u0131"},"content":{"rendered":"<p><strong>HALEP<\/strong> \u2013 Cumhurba\u015fkani Be\u015far Esad&#8217;\u0131n direktifleri do\u011frultusunda Halep Valisi H\u00fcseyin Diab, bu sabah \u015eaar <img loading=\"lazy\" decoding=\"async\" class=\"size-full wp-image-274110 alignright\" src=\"http:\/\/sana.sy\/tr\/wp-content\/uploads\/2023\/02\/12sadsmf-300x168-1.jpg\" alt=\"\" width=\"300\" height=\"168\" srcset=\"https:\/\/archive.sana.sy\/tr\/wp-content\/uploads\/2023\/02\/12sadsmf-300x168-1.jpg 300w, https:\/\/archive.sana.sy\/tr\/wp-content\/uploads\/2023\/02\/12sadsmf-300x168-1-150x84.jpg 150w\" sizes=\"auto, (max-width: 300px) 100vw, 300px\" \/>Dairesi maa\u015fl\u0131 itfaiyeci Velid Huri ve polis Usame El Dali&#8217;yi \u00f6zverili \u00e7al\u0131\u015fma ve d\u00fcr\u00fcstl\u00fcklerinden dolay\u0131 onurland\u0131rd\u0131.\u00a0 Onurland\u0131r\u0131lan itfaiyeci ve polis, kurtarma operasyonlar\u0131 ve enkaz kald\u0131rma s\u0131ras\u0131nda b\u00fcy\u00fck miktarda para ve alt\u0131n tak\u0131lar\u0131 iade etmi\u015flerdi.<\/p>\n<p>Vali, kurtarma g\u00f6revlilerinin \u00e7abalar\u0131n\u0131, cesaretlerini ve d\u00fcr\u00fcstl\u00fcklerini \u00f6vd\u00fc ve cumhurba\u015fkan\u0131 Esad&#8217;\u0131n ayr\u0131nt\u0131lar\u0131 takip etme konusundaki isteklili\u011fini ve Suriye halk\u0131n\u0131n asil de\u011ferlerini yans\u0131tan se\u00e7kin \u00e7abalar\u0131 takdir etti\u011fini belirtti.<\/p>\n<p>\u0130tfaiyeci Huri ve polis El Dali, Ba\u015fkan&#8217;\u0131n daha fazla \u00e7aba g\u00f6stermeleri i\u00e7in bir neden olu\u015fturan bu c\u00f6mert jesti i\u00e7in te\u015fekk\u00fcrlerini ve takdirlerini ifade ederek, \u00e7al\u0131\u015fmalar\u0131n\u0131n ailelerine kar\u015f\u0131 g\u00f6revlerinin bir gere\u011fi oldu\u011funu kaydederek, depremin ilk anlar\u0131ndan itibaren en yak\u0131n mahalle olan \u015eaar mahallesinde g\u00f6revlerimizi yerine getirmek i\u00e7in acele etti\u011fimizi vurgulad\u0131.<\/p>\n<p>R.M.<\/p>\n<p><a href=\"https:\/\/t.me\/SuriyeArapHaberAjansI\">Telegram Kanal\u0131m\u0131z\u00a0<\/a><\/p>\n<p><a href=\"https:\/\/www.facebook.com\/SANAHaberAjansi\/\">Facebook Sayfam\u0131z<\/a><\/p>\n","protected":false},"excerpt":{"rendered":"<p>HALEP \u2013 Cumhurba\u015fkani Be\u015far Esad&#8217;\u0131n direktifleri do\u011frultusunda Halep Valisi H\u00fcseyin Diab, bu sabah \u015eaar Dairesi maa\u015fl\u0131 itfaiyeci Velid Huri ve polis Usame El Dali&#8217;yi \u00f6zverili \u00e7al\u0131\u015fma ve d\u00fcr\u00fcstl\u00fcklerinden dolay\u0131 onurland\u0131rd\u0131.\u00a0 Onurland\u0131r\u0131lan itfaiyeci ve polis, kurtarma operasyonlar\u0131 ve enkaz kald\u0131rma s\u0131ras\u0131nda b\u00fcy\u00fck miktarda para ve alt\u0131n tak\u0131lar\u0131 iade etmi\u015flerdi. Vali, kurtarma g\u00f6revlilerinin \u00e7abalar\u0131n\u0131, cesaretlerini ve d\u00fcr\u00fcstl\u00fcklerini &hellip;<\/p>\n","protected":false},"author":41,"featured_media":274111,"comment_status":"closed","ping_status":"closed","sticky":false,"template":"","format":"standard","meta":{"footnotes":""},"categories":[608,479,605,17988,478],"tags":[],"class_list":["post-274109","post","type-post","status-publish","format-standard","has-post-thumbnail","","category-etkinlikler","category-haberler-yerel","category-sayin-cumhurbaskani","category-son-haberler","category-yerel"],"_links":{"self":[{"href":"https:\/\/archive.sana.sy\/tr\/index.php?rest_route=\/wp\/v2\/posts\/274109","targetHints":{"allow":["GET"]}}],"collection":[{"href":"https:\/\/archive.sana.sy\/tr\/index.php?rest_route=\/wp\/v2\/posts"}],"about":[{"href":"https:\/\/archive.sana.sy\/tr\/index.php?rest_route=\/wp\/v2\/types\/post"}],"author":[{"embeddable":true,"href":"https:\/\/archive.sana.sy\/tr\/index.php?rest_route=\/wp\/v2\/users\/41"}],"replies":[{"embeddable":true,"href":"https:\/\/archive.sana.sy\/tr\/index.php?rest_route=%2Fwp%2Fv2%2Fcomments&post=274109"}],"version-history":[{"count":0,"href":"https:\/\/archive.sana.sy\/tr\/index.php?rest_route=\/wp\/v2\/posts\/274109\/revisions"}],"wp:featuredmedia":[{"embeddable":true,"href":"https:\/\/archive.sana.sy\/tr\/index.php?rest_route=\/wp\/v2\/media\/274111"}],"wp:attachment":[{"href":"https:\/\/archive.sana.sy\/tr\/index.php?rest_route=%2Fwp%2Fv2%2Fmedia&parent=274109"}],"wp:term":[{"taxonomy":"category","embeddable":true,"href":"https:\/\/archive.sana.sy\/tr\/index.php?rest_route=%2Fwp%2Fv2%2Fcategories&post=274109"},{"taxonomy":"post_tag","embeddable":true,"href":"https:\/\/archive.sana.sy\/tr\/index.php?rest_route=%2Fwp%2Fv2%2Ftags&post=274109"}],"curies":[{"name":"wp","href":"https:\/\/api.w.org\/{rel}","templated":true}]}}