{"id":274113,"date":"2023-02-12T16:16:11","date_gmt":"2023-02-12T13:16:11","guid":{"rendered":"https:\/\/sana.sy\/tr\/?p=274113"},"modified":"2023-02-12T16:17:07","modified_gmt":"2023-02-12T13:17:07","slug":"patrik-yazci-dunya-ulkelerini-suriyedeki-depremden-etkilenenlere-yardim-etmeye-cagirdi","status":"publish","type":"post","link":"https:\/\/archive.sana.sy\/tr\/?p=274113","title":{"rendered":"Patrik Yazc\u0131, D\u00fcnya \u00dclkelerini Suriye&#8217;deki Depremden Etkilenenlere Yard\u0131m Etmeye \u00c7a\u011f\u0131rd\u0131"},"content":{"rendered":"<p><strong>BEYRUT<\/strong> &#8211; Antakya ve T\u00fcm Do\u011fu Rum Ortodoks Patri\u011fi Patrik John X Yazc\u0131, Suriye&#8217;yi vuran y\u0131k\u0131c\u0131 depremin etkilerinin \u00fcstesinden gelmek i\u00e7in d\u00fcnyadaki t\u00fcm \u00fclke ve h\u00fck\u00fcmetlere yard\u0131m \u00e7a\u011fr\u0131s\u0131nda bulundu.<\/p>\n<p>Bu, L\u00fcbnan&#8217;\u0131n kuzeyindeki Balamand Meryem Ana Patrik Manast\u0131r\u0131 Kilisesi&#8217;nde, bu depremde hayat\u0131n\u0131 kaybedenlerin ruhlar\u0131n\u0131n rahat\u0131 ve t\u00fcm yaral\u0131lar\u0131n acil \u015fifas\u0131 i\u00e7in Pazar Ayini&#8217;ne ba\u015fkanl\u0131k etmesinden sonra geldi.<\/p>\n<p>\u015eam ve Balamand Manast\u0131r\u0131&#8217;nda bu zorlu \u00e7ileden etkilenen herkese yard\u0131m etmek i\u00e7in bir \u00fcst yard\u0131m komitesi kuruldu\u011fundan, Patrikhane&#8217;nin yard\u0131m \u00e7al\u0131\u015fmalar\u0131n\u0131 desteklemek i\u00e7in t\u00fcm \u00e7abas\u0131n\u0131 g\u00f6sterdi\u011fine dikkat \u00e7ekti.<\/p>\n<p>&nbsp;<\/p>\n<p>R.M.<\/p>\n<p><a href=\"https:\/\/t.me\/SuriyeArapHaberAjansI\">Telegram Kanal\u0131m\u0131z\u00a0<\/a><\/p>\n<p><a href=\"https:\/\/www.facebook.com\/SANAHaberAjansi\/\">Facebook Sayfam\u0131z<\/a><\/p>\n","protected":false},"excerpt":{"rendered":"<p>BEYRUT &#8211; Antakya ve T\u00fcm Do\u011fu Rum Ortodoks Patri\u011fi Patrik John X Yazc\u0131, Suriye&#8217;yi vuran y\u0131k\u0131c\u0131 depremin etkilerinin \u00fcstesinden gelmek i\u00e7in d\u00fcnyadaki t\u00fcm \u00fclke ve h\u00fck\u00fcmetlere yard\u0131m \u00e7a\u011fr\u0131s\u0131nda bulundu. Bu, L\u00fcbnan&#8217;\u0131n kuzeyindeki Balamand Meryem Ana Patrik Manast\u0131r\u0131 Kilisesi&#8217;nde, bu depremde hayat\u0131n\u0131 kaybedenlerin ruhlar\u0131n\u0131n rahat\u0131 ve t\u00fcm yaral\u0131lar\u0131n acil \u015fifas\u0131 i\u00e7in Pazar Ayini&#8217;ne ba\u015fkanl\u0131k etmesinden sonra &hellip;<\/p>\n","protected":false},"author":41,"featured_media":274114,"comment_status":"closed","ping_status":"closed","sticky":false,"template":"","format":"standard","meta":{"footnotes":""},"categories":[458,479,459,17988,478],"tags":[],"class_list":["post-274113","post","type-post","status-publish","format-standard","has-post-thumbnail","","category-dunya1","category-haberler-yerel","category-haberler-arap-uluslararasi-politika","category-son-haberler","category-yerel"],"_links":{"self":[{"href":"https:\/\/archive.sana.sy\/tr\/index.php?rest_route=\/wp\/v2\/posts\/274113","targetHints":{"allow":["GET"]}}],"collection":[{"href":"https:\/\/archive.sana.sy\/tr\/index.php?rest_route=\/wp\/v2\/posts"}],"about":[{"href":"https:\/\/archive.sana.sy\/tr\/index.php?rest_route=\/wp\/v2\/types\/post"}],"author":[{"embeddable":true,"href":"https:\/\/archive.sana.sy\/tr\/index.php?rest_route=\/wp\/v2\/users\/41"}],"replies":[{"embeddable":true,"href":"https:\/\/archive.sana.sy\/tr\/index.php?rest_route=%2Fwp%2Fv2%2Fcomments&post=274113"}],"version-history":[{"count":0,"href":"https:\/\/archive.sana.sy\/tr\/index.php?rest_route=\/wp\/v2\/posts\/274113\/revisions"}],"wp:featuredmedia":[{"embeddable":true,"href":"https:\/\/archive.sana.sy\/tr\/index.php?rest_route=\/wp\/v2\/media\/274114"}],"wp:attachment":[{"href":"https:\/\/archive.sana.sy\/tr\/index.php?rest_route=%2Fwp%2Fv2%2Fmedia&parent=274113"}],"wp:term":[{"taxonomy":"category","embeddable":true,"href":"https:\/\/archive.sana.sy\/tr\/index.php?rest_route=%2Fwp%2Fv2%2Fcategories&post=274113"},{"taxonomy":"post_tag","embeddable":true,"href":"https:\/\/archive.sana.sy\/tr\/index.php?rest_route=%2Fwp%2Fv2%2Ftags&post=274113"}],"curies":[{"name":"wp","href":"https:\/\/api.w.org\/{rel}","templated":true}]}}