{"id":274119,"date":"2023-02-12T14:00:44","date_gmt":"2023-02-12T11:00:44","guid":{"rendered":"https:\/\/sana.sy\/tr\/?p=274119"},"modified":"2023-02-13T08:09:20","modified_gmt":"2023-02-13T05:09:20","slug":"yerel-girisimler-ve-uluslararasi-yardim-3","status":"publish","type":"post","link":"https:\/\/archive.sana.sy\/tr\/?p=274119","title":{"rendered":"Yerel Giri\u015fimler Ve Uluslararas\u0131 Yard\u0131m"},"content":{"rendered":"<p><strong>Yerel Giri\u015fimler Ve Uluslararas\u0131 Yard\u0131m<\/strong><\/p>\n<p><strong>Uluslararas\u0131 Yard\u0131m:<\/strong><\/p>\n<p>SANA muhabiri: D\u00fcn Beyrut Uluslararas\u0131 Havaliman\u0131&#8217;na varan \u0130talyan yard\u0131m malzemesi y\u00fckl\u00fc \u00fc\u00e7 kamyon Jdeideh Yabous s\u0131n\u0131r kap\u0131s\u0131ndan geldi.<\/p>\n<p>SANA muhabiri: \u00dcrd\u00fcnl\u00fc i\u015fadamlar\u0131 ve \u00dcrd\u00fcn&#8217;deki bir g\u0131da firmas\u0131n\u0131n Suriye Kalk\u0131nma Vakf\u0131&#8217;na teslim ald\u0131\u011f\u0131 28 tonluk g\u0131da maddesiyle Nasib s\u0131n\u0131r kap\u0131s\u0131na insani yard\u0131m ula\u015ft\u0131.<\/p>\n<p>SANA muhabiri: \u00dcrd\u00fcn&#8217;de bir \u015firketin depremden etkilenenler i\u00e7in sa\u011flad\u0131\u011f\u0131 yard\u0131m ve g\u0131da malzemeleri y\u00fckl\u00fc \u00fc\u00e7 TIR, Nasib s\u0131n\u0131r kap\u0131s\u0131na ula\u015ft\u0131.<\/p>\n<p>SANA muhabiri: Resmi bir heyetle birlikte bir Irak u\u00e7a\u011f\u0131, depremden etkilenenlere yard\u0131m malzemesi ta\u015f\u0131yan Halep Uluslararas\u0131 Havaliman\u0131&#8217;na geldi.<\/p>\n<p>SANA muhabiri: Depremden etkilenenler i\u00e7in yard\u0131m y\u00fckl\u00fc bir Umman u\u00e7a\u011f\u0131 Halep havaalan\u0131na geldi.<\/p>\n<p>SANA muhabiri: Suriye&#8217;deki \u00c7inli toplumun bir k\u0131sm\u0131, depremzedelere destek i\u00e7in Suriye Arap K\u0131z\u0131lay\u0131&#8217;na g\u0131da ve t\u0131bbi yard\u0131m ile k\u0131\u015fl\u0131k giysi yard\u0131m\u0131nda bulundu.<\/p>\n<p>SANA muhabiri: \u0130\u00e7inde g\u0131da, t\u0131bbi ve giyim malzemeleri y\u00fckl\u00fc alt\u0131 TIR&#8217;dan olu\u015fan L\u00fcbnanl\u0131 bir yard\u0131m konvoyu Tartus&#8217;taki Arida s\u0131n\u0131r kap\u0131s\u0131na geldi ve Lazkiye ve Cebleh \u015fehirlerine do\u011fru yola \u00e7\u0131kacak.<\/p>\n<p>SANA muhabiri: Halep&#8217;teki depremzedeler i\u00e7in yard\u0131m malzemeleri y\u00fckl\u00fc 4 kamyonun da i\u00e7inde bulundu\u011fu Ba\u011f\u0131ms\u0131z Nas\u0131rc\u0131 Hareketi (El Murabitun) ve Nas\u0131rc\u0131 Halk \u00d6rg\u00fct\u00fc&#8217;nden L\u00fcbnanl\u0131 bir yard\u0131m konvoyu Suriye\u2019ye ula\u015ft\u0131.<\/p>\n<p>SANA muhabiri: Depremden etkilenenlere yard\u0131m malzemesi ta\u015f\u0131yan Belarus u\u00e7a\u011f\u0131 Lazkiye Uluslararas\u0131 Havaliman\u0131&#8217;na geldi.<\/p>\n<p>&nbsp;<\/p>\n<p><strong>Yerel Giri\u015fimler:<\/strong><\/p>\n<p>&nbsp;<\/p>\n<p>???? Haseke&#8217;den depremzede b\u00f6lgelere bir yard\u0131m konvoyu geldi.<\/p>\n<p>&nbsp;<\/p>\n<p>???? Homs&#8217;ta depremzedeler i\u00e7in Suriyeli Ke\u015fifi\u2019nden ba\u011f\u0131\u015f toplama etkinli\u011fi d\u00fczenlendi.<\/p>\n<p>&nbsp;<\/p>\n<p>???? S\u00fcveyde \u00f6\u011frencilerine depremden etkilenenlere destek i\u00e7in kan ba\u011f\u0131\u015f\u0131 kampanyas\u0131.<\/p>\n<p>&nbsp;<\/p>\n<p>???? Esnaf Genel Birli\u011fi.. Depremden etkilenenlere yard\u0131m ula\u015ft\u0131rmak i\u00e7in kampanya ba\u015flat\u0131yor.<\/p>\n<p>&nbsp;<\/p>\n<p>????Otel ve Turizm E\u011fitimi Genel M\u00fcd\u00fcrl\u00fc\u011f\u00fc.. etkilenen aileler i\u00e7in yemek haz\u0131rlama giri\u015fimi yap\u0131ld\u0131.<\/p>\n<p>&nbsp;<\/p>\n<p>???? Ma\u015fta El Hiluv&#8217;daki depremden etkilenen 180 aileye bar\u0131nak sa\u011flamaya y\u00f6nelik bir sivil giri\u015fim d\u00fczenlendi.<\/p>\n<p>&nbsp;<\/p>\n<p>????Otel ve Turizm E\u011fitimi Genel M\u00fcd\u00fcrl\u00fc\u011f\u00fc.. etkilenen aileler i\u00e7in yemek haz\u0131rlama giri\u015fimi d\u00fczenlendi.<\/p>\n<p>&nbsp;<\/p>\n<p>????Daraa Tabipler \u015eubesi depremzedelere malzeme ba\u011f\u0131\u015f\u0131 i\u00e7in kap\u0131lar\u0131n\u0131 a\u00e7\u0131yor.<\/p>\n<p>&nbsp;<\/p>\n<p>???? Dera&#8217;dan gelen giri\u015fim (Destek\u00e7inin Yard\u0131m\u0131) yard\u0131m malzemeleriyle dolu bir kamyonu Halep&#8217;e s\u00fcr\u00fcyor.<\/p>\n<p>&nbsp;<\/p>\n<p>???? Homs vilayetinden Halep vilayetine 25 ton g\u0131da ve t\u0131bbi malzeme, battaniye ve giysi i\u00e7eren bir yard\u0131m konvoyu.<\/p>\n<p>&nbsp;<\/p>\n<p>???? Hama&#8217;daki depremzedelere y\u00f6nelik S\u00fcveyda&#8217;dan, ekipleriyle birlikte ambulans ve gezici klini\u011fin yan\u0131 s\u0131ra Lazkiye&#8217;ye Sa\u011fl\u0131k M\u00fcd\u00fcrl\u00fc\u011f\u00fc&#8217;n\u00fcn \u00e7al\u0131\u015fmalar\u0131n\u0131 desteklemek i\u00e7in(aileden aileye) kampanyas\u0131 \u00e7er\u00e7evesinde yeni bir yard\u0131m paketi y\u00fcr\u00fct\u00fcl\u00fcyor.<\/p>\n<p>???? \u015eam K\u0131rsal\u0131 Valili\u011fi, Halep&#8217;te meydana gelen depremden etkilenenlere yard\u0131m malzemeleri y\u00fckl\u00fc 25 TIR&#8217;dan olu\u015fan insani yard\u0131m konvoyu hareket ediyor.<\/p>\n<p>???? Homs&#8217;tan gelen bir yard\u0131m konvoyu, etkilenen b\u00f6lgelere do\u011fru 15 kamyon i\u00e7erir.<\/p>\n<p>&nbsp;<\/p>\n<p>R.M.<\/p>\n<p><a href=\"https:\/\/t.me\/SuriyeArapHaberAjansI\">Telegram Kanal\u0131m\u0131z\u00a0<\/a><\/p>\n<p><a href=\"https:\/\/www.facebook.com\/SANAHaberAjansi\/\">Facebook Sayfam\u0131z<\/a><\/p>\n","protected":false},"excerpt":{"rendered":"<p>Yerel Giri\u015fimler Ve Uluslararas\u0131 Yard\u0131m Uluslararas\u0131 Yard\u0131m: SANA muhabiri: D\u00fcn Beyrut Uluslararas\u0131 Havaliman\u0131&#8217;na varan \u0130talyan yard\u0131m malzemesi y\u00fckl\u00fc \u00fc\u00e7 kamyon Jdeideh Yabous s\u0131n\u0131r kap\u0131s\u0131ndan geldi. SANA muhabiri: \u00dcrd\u00fcnl\u00fc i\u015fadamlar\u0131 ve \u00dcrd\u00fcn&#8217;deki bir g\u0131da firmas\u0131n\u0131n Suriye Kalk\u0131nma Vakf\u0131&#8217;na teslim ald\u0131\u011f\u0131 28 tonluk g\u0131da maddesiyle Nasib s\u0131n\u0131r kap\u0131s\u0131na insani yard\u0131m ula\u015ft\u0131. SANA muhabiri: \u00dcrd\u00fcn&#8217;de bir \u015firketin depremden &hellip;<\/p>\n","protected":false},"author":41,"featured_media":274120,"comment_status":"closed","ping_status":"closed","sticky":false,"template":"","format":"standard","meta":{"footnotes":""},"categories":[479,17988,478],"tags":[],"class_list":["post-274119","post","type-post","status-publish","format-standard","has-post-thumbnail","","category-haberler-yerel","category-son-haberler","category-yerel"],"_links":{"self":[{"href":"https:\/\/archive.sana.sy\/tr\/index.php?rest_route=\/wp\/v2\/posts\/274119","targetHints":{"allow":["GET"]}}],"collection":[{"href":"https:\/\/archive.sana.sy\/tr\/index.php?rest_route=\/wp\/v2\/posts"}],"about":[{"href":"https:\/\/archive.sana.sy\/tr\/index.php?rest_route=\/wp\/v2\/types\/post"}],"author":[{"embeddable":true,"href":"https:\/\/archive.sana.sy\/tr\/index.php?rest_route=\/wp\/v2\/users\/41"}],"replies":[{"embeddable":true,"href":"https:\/\/archive.sana.sy\/tr\/index.php?rest_route=%2Fwp%2Fv2%2Fcomments&post=274119"}],"version-history":[{"count":0,"href":"https:\/\/archive.sana.sy\/tr\/index.php?rest_route=\/wp\/v2\/posts\/274119\/revisions"}],"wp:featuredmedia":[{"embeddable":true,"href":"https:\/\/archive.sana.sy\/tr\/index.php?rest_route=\/wp\/v2\/media\/274120"}],"wp:attachment":[{"href":"https:\/\/archive.sana.sy\/tr\/index.php?rest_route=%2Fwp%2Fv2%2Fmedia&parent=274119"}],"wp:term":[{"taxonomy":"category","embeddable":true,"href":"https:\/\/archive.sana.sy\/tr\/index.php?rest_route=%2Fwp%2Fv2%2Fcategories&post=274119"},{"taxonomy":"post_tag","embeddable":true,"href":"https:\/\/archive.sana.sy\/tr\/index.php?rest_route=%2Fwp%2Fv2%2Ftags&post=274119"}],"curies":[{"name":"wp","href":"https:\/\/api.w.org\/{rel}","templated":true}]}}