{"id":274145,"date":"2023-02-12T15:00:53","date_gmt":"2023-02-12T12:00:53","guid":{"rendered":"https:\/\/sana.sy\/tr\/?p=274145"},"modified":"2023-02-13T08:09:30","modified_gmt":"2023-02-13T05:09:30","slug":"yemenliler-suriye-halkina-uygulanan-haksiz-kusatmanin-kaldirilmasini-talep-etti","status":"publish","type":"post","link":"https:\/\/archive.sana.sy\/tr\/?p=274145","title":{"rendered":"Yemenliler, Suriye Halk\u0131na Uygulanan Haks\u0131z Ku\u015fatman\u0131n Kald\u0131r\u0131lmas\u0131n\u0131 Talep Etti"},"content":{"rendered":"<p><strong>SAN\u2019A<\/strong> &#8211; Yemen&#8217;in ba\u015fkenti Sana&#8217;da bulunan Suriye b\u00fcy\u00fckel\u00e7ili\u011fi \u00f6n\u00fcnde bug\u00fcn d\u00fczenlenen dayan\u0131\u015fma stand\u0131na <img loading=\"lazy\" decoding=\"async\" class=\"size-full wp-image-274147 alignright\" src=\"http:\/\/sana.sy\/tr\/wp-content\/uploads\/2023\/02\/7-19-300x208-1.jpg\" alt=\"\" width=\"300\" height=\"208\" srcset=\"https:\/\/archive.sana.sy\/tr\/wp-content\/uploads\/2023\/02\/7-19-300x208-1.jpg 300w, https:\/\/archive.sana.sy\/tr\/wp-content\/uploads\/2023\/02\/7-19-300x208-1-150x104.jpg 150w, https:\/\/archive.sana.sy\/tr\/wp-content\/uploads\/2023\/02\/7-19-300x208-1-110x75.jpg 110w\" sizes=\"auto, (max-width: 300px) 100vw, 300px\" \/>kat\u0131lanlar, Suriye&#8217;ye uygulanan haks\u0131z Amerikan ablukas\u0131n\u0131n kald\u0131r\u0131lmas\u0131 \u00e7a\u011fr\u0131s\u0131nda bulunarak, y\u0131k\u0131c\u0131 deprem felaketinin kurbanlar\u0131na kar\u015f\u0131 Bat\u0131l\u0131 \u00fclkelerin uygulad\u0131\u011f\u0131 \u00e7ifte standart politikas\u0131n\u0131 k\u0131nad\u0131.<\/p>\n<p>Dayan\u0131\u015fma duru\u015fmas\u0131nda Yemen&#8217;deki siyasi g\u00fc\u00e7 ve unsurlar, sivil toplum kurulu\u015flar\u0131 ve \u0130nsan Haklar\u0131 Bakanl\u0131\u011f\u0131 temsilcileri taraf\u0131ndan \u00e7ok say\u0131da konu\u015fma yap\u0131ld\u0131. Yapl\u0131an konu\u015fmalarda, ABD ambargosunun derhal ve tamamen kald\u0131r\u0131lmas\u0131 gere\u011finin alt\u0131n\u0131 \u00e7izildi ve Suriye halk\u0131na sadece depremin de\u011fil, s\u00f6zde (Sezar Yasas\u0131) ve Bat\u0131&#8217;n\u0131n tek tarafl\u0131 zorlay\u0131c\u0131 \u00f6nlemlerinin yol a\u00e7t\u0131\u011f\u0131 t\u00fcm zararlar\u0131n tazmin edilmesi talep edildi.<\/p>\n<p>&nbsp;<\/p>\n<p>R.M.<\/p>\n<p><a href=\"https:\/\/t.me\/SuriyeArapHaberAjansI\">Telegram Kanal\u0131m\u0131z\u00a0<\/a><\/p>\n<p><a href=\"https:\/\/www.facebook.com\/SANAHaberAjansi\/\">Facebook Sayfam\u0131z<\/a><\/p>\n","protected":false},"excerpt":{"rendered":"<p>SAN\u2019A &#8211; Yemen&#8217;in ba\u015fkenti Sana&#8217;da bulunan Suriye b\u00fcy\u00fckel\u00e7ili\u011fi \u00f6n\u00fcnde bug\u00fcn d\u00fczenlenen dayan\u0131\u015fma stand\u0131na kat\u0131lanlar, Suriye&#8217;ye uygulanan haks\u0131z Amerikan ablukas\u0131n\u0131n kald\u0131r\u0131lmas\u0131 \u00e7a\u011fr\u0131s\u0131nda bulunarak, y\u0131k\u0131c\u0131 deprem felaketinin kurbanlar\u0131na kar\u015f\u0131 Bat\u0131l\u0131 \u00fclkelerin uygulad\u0131\u011f\u0131 \u00e7ifte standart politikas\u0131n\u0131 k\u0131nad\u0131. Dayan\u0131\u015fma duru\u015fmas\u0131nda Yemen&#8217;deki siyasi g\u00fc\u00e7 ve unsurlar, sivil toplum kurulu\u015flar\u0131 ve \u0130nsan Haklar\u0131 Bakanl\u0131\u011f\u0131 temsilcileri taraf\u0131ndan \u00e7ok say\u0131da konu\u015fma yap\u0131ld\u0131. Yapl\u0131an &hellip;<\/p>\n","protected":false},"author":41,"featured_media":274146,"comment_status":"closed","ping_status":"closed","sticky":false,"template":"","format":"standard","meta":{"footnotes":""},"categories":[458,459,17988],"tags":[],"class_list":["post-274145","post","type-post","status-publish","format-standard","has-post-thumbnail","","category-dunya1","category-haberler-arap-uluslararasi-politika","category-son-haberler"],"_links":{"self":[{"href":"https:\/\/archive.sana.sy\/tr\/index.php?rest_route=\/wp\/v2\/posts\/274145","targetHints":{"allow":["GET"]}}],"collection":[{"href":"https:\/\/archive.sana.sy\/tr\/index.php?rest_route=\/wp\/v2\/posts"}],"about":[{"href":"https:\/\/archive.sana.sy\/tr\/index.php?rest_route=\/wp\/v2\/types\/post"}],"author":[{"embeddable":true,"href":"https:\/\/archive.sana.sy\/tr\/index.php?rest_route=\/wp\/v2\/users\/41"}],"replies":[{"embeddable":true,"href":"https:\/\/archive.sana.sy\/tr\/index.php?rest_route=%2Fwp%2Fv2%2Fcomments&post=274145"}],"version-history":[{"count":0,"href":"https:\/\/archive.sana.sy\/tr\/index.php?rest_route=\/wp\/v2\/posts\/274145\/revisions"}],"wp:featuredmedia":[{"embeddable":true,"href":"https:\/\/archive.sana.sy\/tr\/index.php?rest_route=\/wp\/v2\/media\/274146"}],"wp:attachment":[{"href":"https:\/\/archive.sana.sy\/tr\/index.php?rest_route=%2Fwp%2Fv2%2Fmedia&parent=274145"}],"wp:term":[{"taxonomy":"category","embeddable":true,"href":"https:\/\/archive.sana.sy\/tr\/index.php?rest_route=%2Fwp%2Fv2%2Fcategories&post=274145"},{"taxonomy":"post_tag","embeddable":true,"href":"https:\/\/archive.sana.sy\/tr\/index.php?rest_route=%2Fwp%2Fv2%2Ftags&post=274145"}],"curies":[{"name":"wp","href":"https:\/\/api.w.org\/{rel}","templated":true}]}}