{"id":274156,"date":"2023-02-12T16:28:08","date_gmt":"2023-02-12T13:28:08","guid":{"rendered":"https:\/\/sana.sy\/tr\/?p=274156"},"modified":"2023-02-13T08:09:37","modified_gmt":"2023-02-13T05:09:37","slug":"hizbullah-suriyedeki-depremzedelere-insani-yardim-konvoyu-gonderdi","status":"publish","type":"post","link":"https:\/\/archive.sana.sy\/tr\/?p=274156","title":{"rendered":"Hizbullah, Suriye&#8217;deki Depremzedelere \u0130nsani Yard\u0131m Konvoyu G\u00f6nderdi"},"content":{"rendered":"<p><strong>\u015eAM<\/strong> &#8211; Hizbullah bug\u00fcn Suriye&#8217;deki depremzedelere insani yard\u0131m, sa\u011fl\u0131k ve g\u0131da yard\u0131m\u0131 konvoyu g\u00f6nderdi.<\/p>\n<p><img loading=\"lazy\" decoding=\"async\" class=\"size-full wp-image-274157 alignright\" src=\"http:\/\/sana.sy\/tr\/wp-content\/uploads\/2023\/02\/photo_2023-02-12_17-23-40-300x181-1.jpg\" alt=\"\" width=\"300\" height=\"181\" srcset=\"https:\/\/archive.sana.sy\/tr\/wp-content\/uploads\/2023\/02\/photo_2023-02-12_17-23-40-300x181-1.jpg 300w, https:\/\/archive.sana.sy\/tr\/wp-content\/uploads\/2023\/02\/photo_2023-02-12_17-23-40-300x181-1-150x91.jpg 150w\" sizes=\"auto, (max-width: 300px) 100vw, 300px\" \/>Hizbullah Y\u00fcr\u00fctme Konseyi Ba\u015fkan\u0131 Ha\u015fim Safieddin yapt\u0131\u011f\u0131 a\u00e7\u0131klamada, \u2018\u2019\u0130lk insani, sa\u011fl\u0131k, t\u0131bbi, g\u0131da ve ayni yard\u0131m konvoyu Lazkiye&#8217;ye do\u011fru yola \u00e7\u0131kt\u0131, ard\u0131ndan \u00f6n\u00fcm\u00fczdeki g\u00fcnlerde Halep ve di\u011fer b\u00f6lgelere di\u011fer konvoylar gelecek\u2019\u2019 dedi.<\/p>\n<p>Safiy\u00fcddin, L\u00fcbnan&#8217;da ve direni\u015fte \u00f6zellikle Suriye halk\u0131n\u0131n trajedi ve \u00e7ilesinde yan\u0131nda olmam\u0131z\u0131n do\u011fal oldu\u011funu vurgulayarak, Bat\u0131&#8217;n\u0131n ait oldu\u011fu k\u00fclt\u00fcr\u00fc ortaya \u00e7\u0131kard\u0131\u011f\u0131na i\u015faret eden ve insan haklar\u0131n\u0131 savunarak sahte sloganlar ta\u015f\u0131d\u0131\u011f\u0131n\u0131 vurgulad\u0131.<\/p>\n<p>Beyrut&#8217;un g\u00fcney banliy\u00f6lerindeki Hedes b\u00f6lgesindeki A\u015fure Meydan\u0131&#8217;ndan yola \u00e7\u0131kan konvoy, Beyrut b\u00f6lge yetkilisi H\u00fcseyin Fadlallah, sivil savunma yetkilisi Adnan Al-Mukaddam ve \u00e7ok say\u0131da yerel bas\u0131n mensubu e\u015fli\u011finde yolunu tuttu.<\/p>\n<div id='gallery-1' class='gallery galleryid-274156 gallery-columns-2 gallery-size-medium'><figure class='gallery-item'>\n\t\t\t<div class='gallery-icon landscape'>\n\t\t\t\t<a href='https:\/\/archive.sana.sy\/tr\/?attachment_id=274161'><img loading=\"lazy\" decoding=\"async\" width=\"300\" height=\"200\" src=\"https:\/\/archive.sana.sy\/tr\/wp-content\/uploads\/2023\/02\/photo_2023-02-12_17-23-43-1-300x200.jpg\" class=\"attachment-medium size-medium\" alt=\"\" srcset=\"https:\/\/archive.sana.sy\/tr\/wp-content\/uploads\/2023\/02\/photo_2023-02-12_17-23-43-1-300x200.jpg 300w, https:\/\/archive.sana.sy\/tr\/wp-content\/uploads\/2023\/02\/photo_2023-02-12_17-23-43-1-150x100.jpg 150w, https:\/\/archive.sana.sy\/tr\/wp-content\/uploads\/2023\/02\/photo_2023-02-12_17-23-43-1.jpg 660w\" sizes=\"auto, (max-width: 300px) 100vw, 300px\" \/><\/a>\n\t\t\t<\/div><\/figure><figure class='gallery-item'>\n\t\t\t<div class='gallery-icon landscape'>\n\t\t\t\t<a href='https:\/\/archive.sana.sy\/tr\/?attachment_id=274162'><img loading=\"lazy\" decoding=\"async\" width=\"300\" height=\"156\" src=\"https:\/\/archive.sana.sy\/tr\/wp-content\/uploads\/2023\/02\/photo_2023-02-12_17-23-47-1-300x156.jpg\" class=\"attachment-medium size-medium\" alt=\"\" srcset=\"https:\/\/archive.sana.sy\/tr\/wp-content\/uploads\/2023\/02\/photo_2023-02-12_17-23-47-1-300x156.jpg 300w, https:\/\/archive.sana.sy\/tr\/wp-content\/uploads\/2023\/02\/photo_2023-02-12_17-23-47-1-150x78.jpg 150w, https:\/\/archive.sana.sy\/tr\/wp-content\/uploads\/2023\/02\/photo_2023-02-12_17-23-47-1.jpg 660w\" sizes=\"auto, (max-width: 300px) 100vw, 300px\" \/><\/a>\n\t\t\t<\/div><\/figure>\n\t\t<\/div>\n\n<p>&nbsp;<\/p>\n<p>R.M.<\/p>\n<p><a href=\"https:\/\/t.me\/SuriyeArapHaberAjansI\">Telegram Kanal\u0131m\u0131z\u00a0<\/a><\/p>\n<p><a href=\"https:\/\/www.facebook.com\/SANAHaberAjansi\/\">Facebook Sayfam\u0131z<\/a><\/p>\n","protected":false},"excerpt":{"rendered":"<p>\u015eAM &#8211; Hizbullah bug\u00fcn Suriye&#8217;deki depremzedelere insani yard\u0131m, sa\u011fl\u0131k ve g\u0131da yard\u0131m\u0131 konvoyu g\u00f6nderdi. Hizbullah Y\u00fcr\u00fctme Konseyi Ba\u015fkan\u0131 Ha\u015fim Safieddin yapt\u0131\u011f\u0131 a\u00e7\u0131klamada, \u2018\u2019\u0130lk insani, sa\u011fl\u0131k, t\u0131bbi, g\u0131da ve ayni yard\u0131m konvoyu Lazkiye&#8217;ye do\u011fru yola \u00e7\u0131kt\u0131, ard\u0131ndan \u00f6n\u00fcm\u00fczdeki g\u00fcnlerde Halep ve di\u011fer b\u00f6lgelere di\u011fer konvoylar gelecek\u2019\u2019 dedi. Safiy\u00fcddin, L\u00fcbnan&#8217;da ve direni\u015fte \u00f6zellikle Suriye halk\u0131n\u0131n trajedi ve &hellip;<\/p>\n","protected":false},"author":41,"featured_media":274158,"comment_status":"closed","ping_status":"closed","sticky":false,"template":"","format":"standard","meta":{"footnotes":""},"categories":[479,17988,478],"tags":[],"class_list":["post-274156","post","type-post","status-publish","format-standard","has-post-thumbnail","","category-haberler-yerel","category-son-haberler","category-yerel"],"_links":{"self":[{"href":"https:\/\/archive.sana.sy\/tr\/index.php?rest_route=\/wp\/v2\/posts\/274156","targetHints":{"allow":["GET"]}}],"collection":[{"href":"https:\/\/archive.sana.sy\/tr\/index.php?rest_route=\/wp\/v2\/posts"}],"about":[{"href":"https:\/\/archive.sana.sy\/tr\/index.php?rest_route=\/wp\/v2\/types\/post"}],"author":[{"embeddable":true,"href":"https:\/\/archive.sana.sy\/tr\/index.php?rest_route=\/wp\/v2\/users\/41"}],"replies":[{"embeddable":true,"href":"https:\/\/archive.sana.sy\/tr\/index.php?rest_route=%2Fwp%2Fv2%2Fcomments&post=274156"}],"version-history":[{"count":0,"href":"https:\/\/archive.sana.sy\/tr\/index.php?rest_route=\/wp\/v2\/posts\/274156\/revisions"}],"wp:featuredmedia":[{"embeddable":true,"href":"https:\/\/archive.sana.sy\/tr\/index.php?rest_route=\/wp\/v2\/media\/274158"}],"wp:attachment":[{"href":"https:\/\/archive.sana.sy\/tr\/index.php?rest_route=%2Fwp%2Fv2%2Fmedia&parent=274156"}],"wp:term":[{"taxonomy":"category","embeddable":true,"href":"https:\/\/archive.sana.sy\/tr\/index.php?rest_route=%2Fwp%2Fv2%2Fcategories&post=274156"},{"taxonomy":"post_tag","embeddable":true,"href":"https:\/\/archive.sana.sy\/tr\/index.php?rest_route=%2Fwp%2Fv2%2Ftags&post=274156"}],"curies":[{"name":"wp","href":"https:\/\/api.w.org\/{rel}","templated":true}]}}