{"id":274504,"date":"2023-02-14T22:48:32","date_gmt":"2023-02-14T19:48:32","guid":{"rendered":"https:\/\/sana.sy\/tr\/?p=274504"},"modified":"2023-02-16T08:07:53","modified_gmt":"2023-02-16T05:07:53","slug":"saglik-bakani-depremde-simdiye-kadar-1414-kisi-vefat-etti-2357-kisi-yaralandi","status":"publish","type":"post","link":"https:\/\/archive.sana.sy\/tr\/?p=274504","title":{"rendered":"Sa\u011fl\u0131k Bakan\u0131: Depremde \u015eimdiye Kadar 1414 Ki\u015fi Vefat Etti, 2357 Ki\u015fi Yaraland\u0131"},"content":{"rendered":"<p>\u015eAM \u2013 Sa\u011fl\u0131k Bakan\u0131 Hassan E\u015f \u011eabba\u015f, Suriye&#8217;yi vuran depremde \u015fimdiye kadar vefat say\u0131s\u0131n\u0131n 1.414 vefat ve 2.357 yaral\u0131ya ula\u015ft\u0131\u011f\u0131n\u0131 ilan etti.<\/p>\n<p>Dr. El \u011eabba\u015f SANA muhabirine yapt\u0131\u011f\u0131 a\u00e7\u0131klamada, acil durum ve t\u0131bbi m\u00fcdahale ekiplerinin t\u00fcm ma\u011fdurlara ula\u015fmak, enkaz alt\u0131ndan \u00e7\u0131karmak ve yaral\u0131lar\u0131 hastanelere sevk etmek i\u00e7in ellerinden gelenin en iyisini yapt\u0131\u011f\u0131n\u0131 belirtti.<\/p>\n<p><a href=\"https:\/\/t.me\/SuriyeArapHaberAjansI\">Telegram Kanal\u0131m\u0131z\u00a0<\/a><\/p>\n<p><a href=\"https:\/\/www.facebook.com\/SANAHaberAjansi\/\">Facebook Sayfam\u0131z<\/a><\/p>\n","protected":false},"excerpt":{"rendered":"<p>\u015eAM \u2013 Sa\u011fl\u0131k Bakan\u0131 Hassan E\u015f \u011eabba\u015f, Suriye&#8217;yi vuran depremde \u015fimdiye kadar vefat say\u0131s\u0131n\u0131n 1.414 vefat ve 2.357 yaral\u0131ya ula\u015ft\u0131\u011f\u0131n\u0131 ilan etti. Dr. El \u011eabba\u015f SANA muhabirine yapt\u0131\u011f\u0131 a\u00e7\u0131klamada, acil durum ve t\u0131bbi m\u00fcdahale ekiplerinin t\u00fcm ma\u011fdurlara ula\u015fmak, enkaz alt\u0131ndan \u00e7\u0131karmak ve yaral\u0131lar\u0131 hastanelere sevk etmek i\u00e7in ellerinden gelenin en iyisini yapt\u0131\u011f\u0131n\u0131 belirtti. Telegram Kanal\u0131m\u0131z\u00a0 &hellip;<\/p>\n","protected":false},"author":36,"featured_media":274505,"comment_status":"closed","ping_status":"closed","sticky":false,"template":"","format":"standard","meta":{"footnotes":""},"categories":[479,17988,478],"tags":[],"class_list":["post-274504","post","type-post","status-publish","format-standard","has-post-thumbnail","","category-haberler-yerel","category-son-haberler","category-yerel"],"_links":{"self":[{"href":"https:\/\/archive.sana.sy\/tr\/index.php?rest_route=\/wp\/v2\/posts\/274504","targetHints":{"allow":["GET"]}}],"collection":[{"href":"https:\/\/archive.sana.sy\/tr\/index.php?rest_route=\/wp\/v2\/posts"}],"about":[{"href":"https:\/\/archive.sana.sy\/tr\/index.php?rest_route=\/wp\/v2\/types\/post"}],"author":[{"embeddable":true,"href":"https:\/\/archive.sana.sy\/tr\/index.php?rest_route=\/wp\/v2\/users\/36"}],"replies":[{"embeddable":true,"href":"https:\/\/archive.sana.sy\/tr\/index.php?rest_route=%2Fwp%2Fv2%2Fcomments&post=274504"}],"version-history":[{"count":0,"href":"https:\/\/archive.sana.sy\/tr\/index.php?rest_route=\/wp\/v2\/posts\/274504\/revisions"}],"wp:featuredmedia":[{"embeddable":true,"href":"https:\/\/archive.sana.sy\/tr\/index.php?rest_route=\/wp\/v2\/media\/274505"}],"wp:attachment":[{"href":"https:\/\/archive.sana.sy\/tr\/index.php?rest_route=%2Fwp%2Fv2%2Fmedia&parent=274504"}],"wp:term":[{"taxonomy":"category","embeddable":true,"href":"https:\/\/archive.sana.sy\/tr\/index.php?rest_route=%2Fwp%2Fv2%2Fcategories&post=274504"},{"taxonomy":"post_tag","embeddable":true,"href":"https:\/\/archive.sana.sy\/tr\/index.php?rest_route=%2Fwp%2Fv2%2Ftags&post=274504"}],"curies":[{"name":"wp","href":"https:\/\/api.w.org\/{rel}","templated":true}]}}