{"id":274508,"date":"2023-02-14T22:47:26","date_gmt":"2023-02-14T19:47:26","guid":{"rendered":"https:\/\/sana.sy\/tr\/?p=274508"},"modified":"2023-02-16T08:07:16","modified_gmt":"2023-02-16T05:07:16","slug":"turkiyedeki-deprem-felaketinde-hayatini-kaybedenlerin-sayisi-32-bini-gecti","status":"publish","type":"post","link":"https:\/\/archive.sana.sy\/tr\/?p=274508","title":{"rendered":"T\u00fcrkiye&#8217;deki Deprem Felaketinde Hayat\u0131n\u0131 Kaybedenlerin Say\u0131s\u0131 32 Bini Ge\u00e7ti"},"content":{"rendered":"<p>ANKARA \u2013 T\u00fcrkiye&#8217;nin g\u00fcneyini vuran y\u0131k\u0131c\u0131 deprem felaketinde hayat\u0131n\u0131 kaybedenlerin say\u0131s\u0131 32 bin 418&#8217;e y\u00fckseldi.<\/p>\n<p>T\u00fcrkiye Afet ve Acil Durum Y\u00f6netimi Ba\u015fkanl\u0131\u011f\u0131 \u201cAFAD\u201d, Anadolu Ajans muhabirine yapt\u0131\u011f\u0131 a\u00e7\u0131klamada, &#8220;\u015eu ana kadar depremin oldu\u011fu b\u00f6lgelerden yakla\u015f\u0131k 196 bin ki\u015fi tahliye edildi.&#8221;<\/p>\n<p><a href=\"https:\/\/t.me\/SuriyeArapHaberAjansI\">Telegram Kanal\u0131m\u0131z\u00a0<\/a><\/p>\n<p><a href=\"https:\/\/www.facebook.com\/SANAHaberAjansi\/\">Facebook Sayfam\u0131z<\/a><\/p>\n","protected":false},"excerpt":{"rendered":"<p>ANKARA \u2013 T\u00fcrkiye&#8217;nin g\u00fcneyini vuran y\u0131k\u0131c\u0131 deprem felaketinde hayat\u0131n\u0131 kaybedenlerin say\u0131s\u0131 32 bin 418&#8217;e y\u00fckseldi. T\u00fcrkiye Afet ve Acil Durum Y\u00f6netimi Ba\u015fkanl\u0131\u011f\u0131 \u201cAFAD\u201d, Anadolu Ajans muhabirine yapt\u0131\u011f\u0131 a\u00e7\u0131klamada, &#8220;\u015eu ana kadar depremin oldu\u011fu b\u00f6lgelerden yakla\u015f\u0131k 196 bin ki\u015fi tahliye edildi.&#8221; Telegram Kanal\u0131m\u0131z\u00a0 Facebook Sayfam\u0131z<\/p>\n","protected":false},"author":36,"featured_media":274510,"comment_status":"closed","ping_status":"closed","sticky":false,"template":"","format":"standard","meta":{"footnotes":""},"categories":[458,459,17988],"tags":[],"class_list":["post-274508","post","type-post","status-publish","format-standard","has-post-thumbnail","","category-dunya1","category-haberler-arap-uluslararasi-politika","category-son-haberler"],"_links":{"self":[{"href":"https:\/\/archive.sana.sy\/tr\/index.php?rest_route=\/wp\/v2\/posts\/274508","targetHints":{"allow":["GET"]}}],"collection":[{"href":"https:\/\/archive.sana.sy\/tr\/index.php?rest_route=\/wp\/v2\/posts"}],"about":[{"href":"https:\/\/archive.sana.sy\/tr\/index.php?rest_route=\/wp\/v2\/types\/post"}],"author":[{"embeddable":true,"href":"https:\/\/archive.sana.sy\/tr\/index.php?rest_route=\/wp\/v2\/users\/36"}],"replies":[{"embeddable":true,"href":"https:\/\/archive.sana.sy\/tr\/index.php?rest_route=%2Fwp%2Fv2%2Fcomments&post=274508"}],"version-history":[{"count":0,"href":"https:\/\/archive.sana.sy\/tr\/index.php?rest_route=\/wp\/v2\/posts\/274508\/revisions"}],"wp:featuredmedia":[{"embeddable":true,"href":"https:\/\/archive.sana.sy\/tr\/index.php?rest_route=\/wp\/v2\/media\/274510"}],"wp:attachment":[{"href":"https:\/\/archive.sana.sy\/tr\/index.php?rest_route=%2Fwp%2Fv2%2Fmedia&parent=274508"}],"wp:term":[{"taxonomy":"category","embeddable":true,"href":"https:\/\/archive.sana.sy\/tr\/index.php?rest_route=%2Fwp%2Fv2%2Fcategories&post=274508"},{"taxonomy":"post_tag","embeddable":true,"href":"https:\/\/archive.sana.sy\/tr\/index.php?rest_route=%2Fwp%2Fv2%2Ftags&post=274508"}],"curies":[{"name":"wp","href":"https:\/\/api.w.org\/{rel}","templated":true}]}}