{"id":274511,"date":"2023-02-15T09:00:47","date_gmt":"2023-02-15T06:00:47","guid":{"rendered":"https:\/\/sana.sy\/tr\/?p=274511"},"modified":"2023-02-15T09:08:13","modified_gmt":"2023-02-15T06:08:13","slug":"sana-muhabiri-depremden-etkilenenlere-yardim-tasiyan-cin-ucagi-sam-uluslararasi-havalimanina-geldi","status":"publish","type":"post","link":"https:\/\/archive.sana.sy\/tr\/?p=274511","title":{"rendered":""},"content":{"rendered":"<p>SANA muhabiri: Depremden etkilenenlere yard\u0131m ta\u015f\u0131yan \u00c7in u\u00e7a\u011f\u0131 \u015eam Uluslararas\u0131 Havaliman\u0131&#8217;na geldi<\/p>\n","protected":false},"excerpt":{"rendered":"<p>SANA muhabiri: Depremden etkilenenlere yard\u0131m ta\u015f\u0131yan \u00c7in u\u00e7a\u011f\u0131 \u015eam Uluslararas\u0131 Havaliman\u0131&#8217;na geldi<\/p>\n","protected":false},"author":36,"featured_media":0,"comment_status":"closed","ping_status":"closed","sticky":false,"template":"","format":"standard","meta":{"footnotes":""},"categories":[1],"tags":[],"class_list":["post-274511","post","type-post","status-publish","format-standard","","category-news-not-sorted"],"_links":{"self":[{"href":"https:\/\/archive.sana.sy\/tr\/index.php?rest_route=\/wp\/v2\/posts\/274511","targetHints":{"allow":["GET"]}}],"collection":[{"href":"https:\/\/archive.sana.sy\/tr\/index.php?rest_route=\/wp\/v2\/posts"}],"about":[{"href":"https:\/\/archive.sana.sy\/tr\/index.php?rest_route=\/wp\/v2\/types\/post"}],"author":[{"embeddable":true,"href":"https:\/\/archive.sana.sy\/tr\/index.php?rest_route=\/wp\/v2\/users\/36"}],"replies":[{"embeddable":true,"href":"https:\/\/archive.sana.sy\/tr\/index.php?rest_route=%2Fwp%2Fv2%2Fcomments&post=274511"}],"version-history":[{"count":0,"href":"https:\/\/archive.sana.sy\/tr\/index.php?rest_route=\/wp\/v2\/posts\/274511\/revisions"}],"wp:attachment":[{"href":"https:\/\/archive.sana.sy\/tr\/index.php?rest_route=%2Fwp%2Fv2%2Fmedia&parent=274511"}],"wp:term":[{"taxonomy":"category","embeddable":true,"href":"https:\/\/archive.sana.sy\/tr\/index.php?rest_route=%2Fwp%2Fv2%2Fcategories&post=274511"},{"taxonomy":"post_tag","embeddable":true,"href":"https:\/\/archive.sana.sy\/tr\/index.php?rest_route=%2Fwp%2Fv2%2Ftags&post=274511"}],"curies":[{"name":"wp","href":"https:\/\/api.w.org\/{rel}","templated":true}]}}