{"id":274526,"date":"2023-02-15T11:09:01","date_gmt":"2023-02-15T08:09:01","guid":{"rendered":"https:\/\/sana.sy\/tr\/?p=274526"},"modified":"2023-02-17T08:53:21","modified_gmt":"2023-02-17T05:53:21","slug":"suriye-israil-isgalinin-filistin-topraklarinda-yeni-yerlesim-birimleri-insa-etme-niyetini-aciklamasini-kinadi","status":"publish","type":"post","link":"https:\/\/archive.sana.sy\/tr\/?p=274526","title":{"rendered":"Suriye, \u0130srail \u0130\u015fgalinin Filistin Topraklar\u0131nda Yeni Yerle\u015fim Birimleri \u0130n\u015fa Etme Niyetini A\u00e7\u0131klamas\u0131n\u0131 K\u0131nad\u0131"},"content":{"rendered":"<p>\u015eAM \u2013 Suriye Arap Cumhuriyeti, \u0130srail i\u015fgalinin i\u015fgal alt\u0131ndaki Filistin topraklar\u0131nda yeni yerle\u015fim birimleri in\u015fa etme niyetini beyan etmesini \u015fiddetle k\u0131nad\u0131.<\/p>\n<p>D\u0131\u015fi\u015fleri Bakanl\u0131\u011f\u0131&#8217;ndan yap\u0131lan a\u00e7\u0131klamada, &#8220;Suriye, \u0130srail i\u015fgalinin i\u015fgal alt\u0131ndaki Filistin topraklar\u0131nda yeni yerle\u015fim birimleri in\u015fa etme niyetini uluslararas\u0131 hukuka ve t\u00fcm \u0130srail yerle\u015fim faaliyetleri durdurma \u00e7a\u011fr\u0131s\u0131 yapan 2016 y\u0131l\u0131 2334 say\u0131l\u0131 Karar da dahil olmak \u00fczere ilgili G\u00fcvenlik Konseyi kararlar\u0131na a\u00e7\u0131k\u00e7a ayk\u0131r\u0131 olarak a\u00e7\u0131klamas\u0131n\u0131 \u015fiddetle k\u0131n\u0131yor\u201d dedi.<\/p>\n<p>D\u0131\u015fi\u015fleri Bakanl\u0131\u011f\u0131, \u201c\u0130srail&#8217;in sistemli ve s\u00fcrekli yerle\u015fim yerleri in\u015fa etmesi ve geni\u015fletmesi, Filistinlilerin topraklar\u0131na el koymas\u0131, evlerini y\u0131kmas\u0131 ve yerinden etmesi di\u011fer su\u00e7lar\u0131n\u0131n yan\u0131 s\u0131ra bir sava\u015f su\u00e7udur ve bunun hesab\u0131 sorulmal\u0131d\u0131r\u201d dedi.<\/p>\n<p>D\u0131\u015fi\u015fleri Bakanl\u0131\u011f\u0131, Suriye&#8217;nin uluslararas\u0131 toplumu b\u00f6lgedeki tehlikeleri ve istikrars\u0131zl\u0131\u011f\u0131 \u015fiddetlendiren ve ba\u011f\u0131ms\u0131z ve egemen bir Filistin devleti kurma olas\u0131l\u0131\u011f\u0131n\u0131 baltalayan bu t\u00fcr ciddi su\u00e7lar\u0131 durdurmak i\u00e7in derhal harekete ge\u00e7meye \u00e7a\u011f\u0131rd\u0131\u011f\u0131n\u0131 belirtti.<\/p>\n<p><a href=\"https:\/\/t.me\/SuriyeArapHaberAjansI\">Telegram Kanal\u0131m\u0131z\u00a0<\/a><\/p>\n<p><a href=\"https:\/\/www.facebook.com\/SANAHaberAjansi\/\">Facebook Sayfam\u0131z<\/a><\/p>\n","protected":false},"excerpt":{"rendered":"<p>\u015eAM \u2013 Suriye Arap Cumhuriyeti, \u0130srail i\u015fgalinin i\u015fgal alt\u0131ndaki Filistin topraklar\u0131nda yeni yerle\u015fim birimleri in\u015fa etme niyetini beyan etmesini \u015fiddetle k\u0131nad\u0131. D\u0131\u015fi\u015fleri Bakanl\u0131\u011f\u0131&#8217;ndan yap\u0131lan a\u00e7\u0131klamada, &#8220;Suriye, \u0130srail i\u015fgalinin i\u015fgal alt\u0131ndaki Filistin topraklar\u0131nda yeni yerle\u015fim birimleri in\u015fa etme niyetini uluslararas\u0131 hukuka ve t\u00fcm \u0130srail yerle\u015fim faaliyetleri durdurma \u00e7a\u011fr\u0131s\u0131 yapan 2016 y\u0131l\u0131 2334 say\u0131l\u0131 Karar da dahil &hellip;<\/p>\n","protected":false},"author":36,"featured_media":274527,"comment_status":"closed","ping_status":"closed","sticky":false,"template":"","format":"standard","meta":{"footnotes":""},"categories":[479,17988,478],"tags":[],"class_list":["post-274526","post","type-post","status-publish","format-standard","has-post-thumbnail","","category-haberler-yerel","category-son-haberler","category-yerel"],"_links":{"self":[{"href":"https:\/\/archive.sana.sy\/tr\/index.php?rest_route=\/wp\/v2\/posts\/274526","targetHints":{"allow":["GET"]}}],"collection":[{"href":"https:\/\/archive.sana.sy\/tr\/index.php?rest_route=\/wp\/v2\/posts"}],"about":[{"href":"https:\/\/archive.sana.sy\/tr\/index.php?rest_route=\/wp\/v2\/types\/post"}],"author":[{"embeddable":true,"href":"https:\/\/archive.sana.sy\/tr\/index.php?rest_route=\/wp\/v2\/users\/36"}],"replies":[{"embeddable":true,"href":"https:\/\/archive.sana.sy\/tr\/index.php?rest_route=%2Fwp%2Fv2%2Fcomments&post=274526"}],"version-history":[{"count":0,"href":"https:\/\/archive.sana.sy\/tr\/index.php?rest_route=\/wp\/v2\/posts\/274526\/revisions"}],"wp:featuredmedia":[{"embeddable":true,"href":"https:\/\/archive.sana.sy\/tr\/index.php?rest_route=\/wp\/v2\/media\/274527"}],"wp:attachment":[{"href":"https:\/\/archive.sana.sy\/tr\/index.php?rest_route=%2Fwp%2Fv2%2Fmedia&parent=274526"}],"wp:term":[{"taxonomy":"category","embeddable":true,"href":"https:\/\/archive.sana.sy\/tr\/index.php?rest_route=%2Fwp%2Fv2%2Fcategories&post=274526"},{"taxonomy":"post_tag","embeddable":true,"href":"https:\/\/archive.sana.sy\/tr\/index.php?rest_route=%2Fwp%2Fv2%2Ftags&post=274526"}],"curies":[{"name":"wp","href":"https:\/\/api.w.org\/{rel}","templated":true}]}}