{"id":274529,"date":"2023-02-15T11:13:43","date_gmt":"2023-02-15T08:13:43","guid":{"rendered":"https:\/\/sana.sy\/tr\/?p=274529"},"modified":"2023-02-16T08:08:06","modified_gmt":"2023-02-16T05:08:06","slug":"cin-hukumetinden-depremzedelere-gonderilen-yardimin-suriye-hukumetine-teslim-edilmesine-protokol-imzalandi","status":"publish","type":"post","link":"https:\/\/archive.sana.sy\/tr\/?p=274529","title":{"rendered":"\u00c7in H\u00fck\u00fcmetinden Depremzedelere G\u00f6nderilen Yard\u0131m\u0131n Suriye H\u00fck\u00fcmetine Teslim Edilmesine Protokol \u0130mzaland\u0131"},"content":{"rendered":"<p>\u015eAM \u2013 Yerel Y\u00f6netim Bakan Yard\u0131mc\u0131s\u0131 ve \u00c7in&#8217;in \u015eam B\u00fcy\u00fckel\u00e7isi, bug\u00fcn \u00c7in h\u00fck\u00fcmetinden depremzedelere g\u00f6nderilen yard\u0131mlar\u0131n \u015eam Uluslararas\u0131 Havaliman\u0131&#8217;nda Suriye h\u00fck\u00fcmetine teslim al\u0131nmas\u0131na ili\u015fkin protokol\u00fc imzalad\u0131.<\/p>\n","protected":false},"excerpt":{"rendered":"<p>\u015eAM \u2013 Yerel Y\u00f6netim Bakan Yard\u0131mc\u0131s\u0131 ve \u00c7in&#8217;in \u015eam B\u00fcy\u00fckel\u00e7isi, bug\u00fcn \u00c7in h\u00fck\u00fcmetinden depremzedelere g\u00f6nderilen yard\u0131mlar\u0131n \u015eam Uluslararas\u0131 Havaliman\u0131&#8217;nda Suriye h\u00fck\u00fcmetine teslim al\u0131nmas\u0131na ili\u015fkin protokol\u00fc imzalad\u0131.<\/p>\n","protected":false},"author":36,"featured_media":274530,"comment_status":"closed","ping_status":"closed","sticky":false,"template":"","format":"standard","meta":{"footnotes":""},"categories":[479,17988,478],"tags":[],"class_list":["post-274529","post","type-post","status-publish","format-standard","has-post-thumbnail","","category-haberler-yerel","category-son-haberler","category-yerel"],"_links":{"self":[{"href":"https:\/\/archive.sana.sy\/tr\/index.php?rest_route=\/wp\/v2\/posts\/274529","targetHints":{"allow":["GET"]}}],"collection":[{"href":"https:\/\/archive.sana.sy\/tr\/index.php?rest_route=\/wp\/v2\/posts"}],"about":[{"href":"https:\/\/archive.sana.sy\/tr\/index.php?rest_route=\/wp\/v2\/types\/post"}],"author":[{"embeddable":true,"href":"https:\/\/archive.sana.sy\/tr\/index.php?rest_route=\/wp\/v2\/users\/36"}],"replies":[{"embeddable":true,"href":"https:\/\/archive.sana.sy\/tr\/index.php?rest_route=%2Fwp%2Fv2%2Fcomments&post=274529"}],"version-history":[{"count":0,"href":"https:\/\/archive.sana.sy\/tr\/index.php?rest_route=\/wp\/v2\/posts\/274529\/revisions"}],"wp:featuredmedia":[{"embeddable":true,"href":"https:\/\/archive.sana.sy\/tr\/index.php?rest_route=\/wp\/v2\/media\/274530"}],"wp:attachment":[{"href":"https:\/\/archive.sana.sy\/tr\/index.php?rest_route=%2Fwp%2Fv2%2Fmedia&parent=274529"}],"wp:term":[{"taxonomy":"category","embeddable":true,"href":"https:\/\/archive.sana.sy\/tr\/index.php?rest_route=%2Fwp%2Fv2%2Fcategories&post=274529"},{"taxonomy":"post_tag","embeddable":true,"href":"https:\/\/archive.sana.sy\/tr\/index.php?rest_route=%2Fwp%2Fv2%2Ftags&post=274529"}],"curies":[{"name":"wp","href":"https:\/\/api.w.org\/{rel}","templated":true}]}}