{"id":274654,"date":"2023-02-16T11:41:40","date_gmt":"2023-02-16T08:41:40","guid":{"rendered":"https:\/\/sana.sy\/tr\/?p=274654"},"modified":"2023-02-17T08:55:51","modified_gmt":"2023-02-17T05:55:51","slug":"arnus-avrasya-halklari-dernegi-genel-sekreterinden-taziye-telgrafi-aldi","status":"publish","type":"post","link":"https:\/\/archive.sana.sy\/tr\/?p=274654","title":{"rendered":"Arnus, Avrasya Halklar\u0131 Derne\u011fi Genel Sekreterinden Taziye Telgraf\u0131 Ald\u0131"},"content":{"rendered":"<p>\u015eAM \u2013 Ba\u015fbakan H\u00fcseyin Arnus, Avrasya Halklar\u0131 Derne\u011fi Genel Sekreteri Andrei Belyaninov&#8217;dan yak\u0131n zamanda Suriye&#8217;nin bir\u00e7ok vilayetini vuran y\u0131k\u0131c\u0131 depremin kurbanlar\u0131 i\u00e7in en i\u00e7ten taziyelerini dile getirdi\u011fi bir taziye telgraf\u0131 ald\u0131.<\/p>\n<p>Belyaninov telgraf\u0131nda, &#8220;d\u00fc\u015f\u00fcncelerimiz ve dualar\u0131m\u0131z bu zor zamanlarda sevdiklerini kaybedenlerle birlikte, yaral\u0131lara acil \u015fifalar diliyoruz&#8221; dedi.<\/p>\n<p><a href=\"https:\/\/t.me\/SuriyeArapHaberAjansI\">Telegram Kanal\u0131m\u0131z\u00a0<\/a><\/p>\n<p><a href=\"https:\/\/www.facebook.com\/SANAHaberAjansi\/\">Facebook Sayfam\u0131z<\/a><\/p>\n","protected":false},"excerpt":{"rendered":"<p>\u015eAM \u2013 Ba\u015fbakan H\u00fcseyin Arnus, Avrasya Halklar\u0131 Derne\u011fi Genel Sekreteri Andrei Belyaninov&#8217;dan yak\u0131n zamanda Suriye&#8217;nin bir\u00e7ok vilayetini vuran y\u0131k\u0131c\u0131 depremin kurbanlar\u0131 i\u00e7in en i\u00e7ten taziyelerini dile getirdi\u011fi bir taziye telgraf\u0131 ald\u0131. Belyaninov telgraf\u0131nda, &#8220;d\u00fc\u015f\u00fcncelerimiz ve dualar\u0131m\u0131z bu zor zamanlarda sevdiklerini kaybedenlerle birlikte, yaral\u0131lara acil \u015fifalar diliyoruz&#8221; dedi. Telegram Kanal\u0131m\u0131z\u00a0 Facebook Sayfam\u0131z<\/p>\n","protected":false},"author":36,"featured_media":274676,"comment_status":"closed","ping_status":"closed","sticky":false,"template":"","format":"standard","meta":{"footnotes":""},"categories":[479,17988,478],"tags":[],"class_list":["post-274654","post","type-post","status-publish","format-standard","has-post-thumbnail","","category-haberler-yerel","category-son-haberler","category-yerel"],"_links":{"self":[{"href":"https:\/\/archive.sana.sy\/tr\/index.php?rest_route=\/wp\/v2\/posts\/274654","targetHints":{"allow":["GET"]}}],"collection":[{"href":"https:\/\/archive.sana.sy\/tr\/index.php?rest_route=\/wp\/v2\/posts"}],"about":[{"href":"https:\/\/archive.sana.sy\/tr\/index.php?rest_route=\/wp\/v2\/types\/post"}],"author":[{"embeddable":true,"href":"https:\/\/archive.sana.sy\/tr\/index.php?rest_route=\/wp\/v2\/users\/36"}],"replies":[{"embeddable":true,"href":"https:\/\/archive.sana.sy\/tr\/index.php?rest_route=%2Fwp%2Fv2%2Fcomments&post=274654"}],"version-history":[{"count":0,"href":"https:\/\/archive.sana.sy\/tr\/index.php?rest_route=\/wp\/v2\/posts\/274654\/revisions"}],"wp:featuredmedia":[{"embeddable":true,"href":"https:\/\/archive.sana.sy\/tr\/index.php?rest_route=\/wp\/v2\/media\/274676"}],"wp:attachment":[{"href":"https:\/\/archive.sana.sy\/tr\/index.php?rest_route=%2Fwp%2Fv2%2Fmedia&parent=274654"}],"wp:term":[{"taxonomy":"category","embeddable":true,"href":"https:\/\/archive.sana.sy\/tr\/index.php?rest_route=%2Fwp%2Fv2%2Fcategories&post=274654"},{"taxonomy":"post_tag","embeddable":true,"href":"https:\/\/archive.sana.sy\/tr\/index.php?rest_route=%2Fwp%2Fv2%2Ftags&post=274654"}],"curies":[{"name":"wp","href":"https:\/\/api.w.org\/{rel}","templated":true}]}}