{"id":274667,"date":"2023-02-16T12:32:01","date_gmt":"2023-02-16T09:32:01","guid":{"rendered":"https:\/\/sana.sy\/tr\/?p=274667"},"modified":"2023-02-17T08:55:54","modified_gmt":"2023-02-17T05:55:54","slug":"samdaki-hayir-cemiyetleri-federasyonundan-suriyeye-yonelik-batili-ablukanin-kaldirilmasina-insani-cagri","status":"publish","type":"post","link":"https:\/\/archive.sana.sy\/tr\/?p=274667","title":{"rendered":"\u015eam&#8217;daki Hay\u0131r Cemiyetleri Federasyonundan, Suriye&#8217;ye Y\u00f6nelik Bat\u0131l\u0131 Ablukan\u0131n Kald\u0131r\u0131lmas\u0131na \u0130nsani \u00c7a\u011fr\u0131"},"content":{"rendered":"<p><strong>\u015eAM<\/strong> &#8211; \u015eam&#8217;daki Hay\u0131r Cemiyetleri Federasyonu, bir bas\u0131n toplant\u0131s\u0131 s\u0131ras\u0131nda, Suriye&#8217;ye y\u00f6nelik Bat\u0131 ablukas\u0131n\u0131n kald\u0131r\u0131lmas\u0131 i\u00e7in insani bir \u00e7a\u011fr\u0131da bulundu.<\/p>\n<p>\u015eam ve \u015eam K\u0131rsal\u0131ndaki 550 hay\u0131r kurumu, uluslararas\u0131 toplumu depremden etkilenenlere yard\u0131m ula\u015ft\u0131rmak i\u00e7in Suriye&#8217;ye y\u00f6nelik tek tarafl\u0131 zorlay\u0131c\u0131 yapt\u0131r\u0131mlara son vermeye \u00e7a\u011f\u0131rd\u0131.<\/p>\n<p><a href=\"https:\/\/t.me\/SuriyeArapHaberAjansI\">Telegram Kanal\u0131m\u0131z\u00a0<\/a><\/p>\n<p><a href=\"https:\/\/www.facebook.com\/SANAHaberAjansi\/\">Facebook Sayfam\u0131z<\/a><\/p>\n","protected":false},"excerpt":{"rendered":"<p>\u015eAM &#8211; \u015eam&#8217;daki Hay\u0131r Cemiyetleri Federasyonu, bir bas\u0131n toplant\u0131s\u0131 s\u0131ras\u0131nda, Suriye&#8217;ye y\u00f6nelik Bat\u0131 ablukas\u0131n\u0131n kald\u0131r\u0131lmas\u0131 i\u00e7in insani bir \u00e7a\u011fr\u0131da bulundu. \u015eam ve \u015eam K\u0131rsal\u0131ndaki 550 hay\u0131r kurumu, uluslararas\u0131 toplumu depremden etkilenenlere yard\u0131m ula\u015ft\u0131rmak i\u00e7in Suriye&#8217;ye y\u00f6nelik tek tarafl\u0131 zorlay\u0131c\u0131 yapt\u0131r\u0131mlara son vermeye \u00e7a\u011f\u0131rd\u0131. Telegram Kanal\u0131m\u0131z\u00a0 Facebook Sayfam\u0131z<\/p>\n","protected":false},"author":1,"featured_media":274668,"comment_status":"closed","ping_status":"closed","sticky":false,"template":"","format":"standard","meta":{"footnotes":""},"categories":[479,17988,478],"tags":[],"class_list":["post-274667","post","type-post","status-publish","format-standard","has-post-thumbnail","","category-haberler-yerel","category-son-haberler","category-yerel"],"_links":{"self":[{"href":"https:\/\/archive.sana.sy\/tr\/index.php?rest_route=\/wp\/v2\/posts\/274667","targetHints":{"allow":["GET"]}}],"collection":[{"href":"https:\/\/archive.sana.sy\/tr\/index.php?rest_route=\/wp\/v2\/posts"}],"about":[{"href":"https:\/\/archive.sana.sy\/tr\/index.php?rest_route=\/wp\/v2\/types\/post"}],"author":[{"embeddable":true,"href":"https:\/\/archive.sana.sy\/tr\/index.php?rest_route=\/wp\/v2\/users\/1"}],"replies":[{"embeddable":true,"href":"https:\/\/archive.sana.sy\/tr\/index.php?rest_route=%2Fwp%2Fv2%2Fcomments&post=274667"}],"version-history":[{"count":0,"href":"https:\/\/archive.sana.sy\/tr\/index.php?rest_route=\/wp\/v2\/posts\/274667\/revisions"}],"wp:featuredmedia":[{"embeddable":true,"href":"https:\/\/archive.sana.sy\/tr\/index.php?rest_route=\/wp\/v2\/media\/274668"}],"wp:attachment":[{"href":"https:\/\/archive.sana.sy\/tr\/index.php?rest_route=%2Fwp%2Fv2%2Fmedia&parent=274667"}],"wp:term":[{"taxonomy":"category","embeddable":true,"href":"https:\/\/archive.sana.sy\/tr\/index.php?rest_route=%2Fwp%2Fv2%2Fcategories&post=274667"},{"taxonomy":"post_tag","embeddable":true,"href":"https:\/\/archive.sana.sy\/tr\/index.php?rest_route=%2Fwp%2Fv2%2Ftags&post=274667"}],"curies":[{"name":"wp","href":"https:\/\/api.w.org\/{rel}","templated":true}]}}