{"id":274670,"date":"2023-02-16T13:03:39","date_gmt":"2023-02-16T10:03:39","guid":{"rendered":"https:\/\/sana.sy\/tr\/?p=274670"},"modified":"2023-02-17T08:55:57","modified_gmt":"2023-02-17T05:55:57","slug":"turkiyede-depremde-vefat-edenlerin-sayisi-36-bini-gecti","status":"publish","type":"post","link":"https:\/\/archive.sana.sy\/tr\/?p=274670","title":{"rendered":"T\u00fcrkiye&#8217;de Depremde Vefat Edenlerin Say\u0131s\u0131 36 Bini Ge\u00e7ti"},"content":{"rendered":"<p><strong>ANKARA<\/strong> &#8211; 6 \u015eubat Pazartesi g\u00fcn\u00fc sabaha kar\u015f\u0131 T\u00fcrkiye\u2019nin g\u00fcneyini vuran y\u0131k\u0131c\u0131 depremde hayat\u0131n\u0131 kaybedenlerin say\u0131s\u0131 36 bin 187&#8217;ye y\u00fckseldi.<\/p>\n<p>Anadolu Ajans\u0131\u2019n\u0131n T\u00fcrkiye Afet ve Acil Durum Y\u00f6netim Merkezi\u2019nden aktard\u0131\u011f\u0131 bilgiye g\u00f6re, &#8220;\u015eu ana kadar depremin vurdu\u011fu b\u00f6lgelerden yakla\u015f\u0131k 216.347 ki\u015finin tahliye edildi\u011fini, sahada halihaz\u0131rda \u00e7al\u0131\u015fan arama kurtarma fertleri say\u0131s\u0131n\u0131n 253 binden fazla oldu\u011funu&#8221; belirtti.<\/p>\n<p><a href=\"https:\/\/t.me\/SuriyeArapHaberAjansI\">Telegram Kanal\u0131m\u0131z\u00a0<\/a><\/p>\n<p><a href=\"https:\/\/www.facebook.com\/SANAHaberAjansi\/\">Facebook Sayfam\u0131z<\/a><\/p>\n","protected":false},"excerpt":{"rendered":"<p>ANKARA &#8211; 6 \u015eubat Pazartesi g\u00fcn\u00fc sabaha kar\u015f\u0131 T\u00fcrkiye\u2019nin g\u00fcneyini vuran y\u0131k\u0131c\u0131 depremde hayat\u0131n\u0131 kaybedenlerin say\u0131s\u0131 36 bin 187&#8217;ye y\u00fckseldi. Anadolu Ajans\u0131\u2019n\u0131n T\u00fcrkiye Afet ve Acil Durum Y\u00f6netim Merkezi\u2019nden aktard\u0131\u011f\u0131 bilgiye g\u00f6re, &#8220;\u015eu ana kadar depremin vurdu\u011fu b\u00f6lgelerden yakla\u015f\u0131k 216.347 ki\u015finin tahliye edildi\u011fini, sahada halihaz\u0131rda \u00e7al\u0131\u015fan arama kurtarma fertleri say\u0131s\u0131n\u0131n 253 binden fazla oldu\u011funu&#8221; belirtti. &hellip;<\/p>\n","protected":false},"author":39,"featured_media":274671,"comment_status":"closed","ping_status":"closed","sticky":false,"template":"","format":"standard","meta":{"footnotes":""},"categories":[458,459,17988],"tags":[],"class_list":["post-274670","post","type-post","status-publish","format-standard","has-post-thumbnail","","category-dunya1","category-haberler-arap-uluslararasi-politika","category-son-haberler"],"_links":{"self":[{"href":"https:\/\/archive.sana.sy\/tr\/index.php?rest_route=\/wp\/v2\/posts\/274670","targetHints":{"allow":["GET"]}}],"collection":[{"href":"https:\/\/archive.sana.sy\/tr\/index.php?rest_route=\/wp\/v2\/posts"}],"about":[{"href":"https:\/\/archive.sana.sy\/tr\/index.php?rest_route=\/wp\/v2\/types\/post"}],"author":[{"embeddable":true,"href":"https:\/\/archive.sana.sy\/tr\/index.php?rest_route=\/wp\/v2\/users\/39"}],"replies":[{"embeddable":true,"href":"https:\/\/archive.sana.sy\/tr\/index.php?rest_route=%2Fwp%2Fv2%2Fcomments&post=274670"}],"version-history":[{"count":0,"href":"https:\/\/archive.sana.sy\/tr\/index.php?rest_route=\/wp\/v2\/posts\/274670\/revisions"}],"wp:featuredmedia":[{"embeddable":true,"href":"https:\/\/archive.sana.sy\/tr\/index.php?rest_route=\/wp\/v2\/media\/274671"}],"wp:attachment":[{"href":"https:\/\/archive.sana.sy\/tr\/index.php?rest_route=%2Fwp%2Fv2%2Fmedia&parent=274670"}],"wp:term":[{"taxonomy":"category","embeddable":true,"href":"https:\/\/archive.sana.sy\/tr\/index.php?rest_route=%2Fwp%2Fv2%2Fcategories&post=274670"},{"taxonomy":"post_tag","embeddable":true,"href":"https:\/\/archive.sana.sy\/tr\/index.php?rest_route=%2Fwp%2Fv2%2Ftags&post=274670"}],"curies":[{"name":"wp","href":"https:\/\/api.w.org\/{rel}","templated":true}]}}