{"id":274673,"date":"2023-02-16T14:19:38","date_gmt":"2023-02-16T11:19:38","guid":{"rendered":"https:\/\/sana.sy\/tr\/?p=274673"},"modified":"2023-02-17T08:56:00","modified_gmt":"2023-02-17T05:56:00","slug":"insani-yardim-tasiyan-uc-cecenistan-ve-bae-ucagi-lazkiye-uluslararasi-havalimanina-ulasti","status":"publish","type":"post","link":"https:\/\/archive.sana.sy\/tr\/?p=274673","title":{"rendered":"\u0130nsani Yard\u0131m Ta\u015f\u0131yan \u00dc\u00e7 \u00c7e\u00e7enistan Ve BAE U\u00e7a\u011f\u0131, Lazkiye Uluslararas\u0131 Havaliman\u0131&#8217;na Ula\u015ft\u0131"},"content":{"rendered":"<p><strong>LAZK\u0130YE<\/strong> \u2013 \u00c7e\u00e7en Cumhuriyeti&#8217;nden iki ve BAE&#8217;den bir olmak \u00fczere 3 u\u00e7ak bug\u00fcn, depremden etkilenenlere yard\u0131m ta\u015f\u0131mak \u00fczere Uluslararas\u0131 Lazkiye Havaliman\u0131&#8217;na vard\u0131.<\/p>\n<p>\u00c7e\u00e7en heyeti ba\u015fkan\u0131 Osman Usmanov, \u201c\u00c7e\u00e7en Cumhurba\u015fkan\u0131&#8217;n\u0131n direktifleri do\u011frultusunda Suriye halk\u0131n\u0131n depremin etkileriyle y\u00fczle\u015fmesi i\u00e7in yard\u0131m toplad\u0131k, iki u\u00e7ak, giysi, \u00e7ad\u0131r, battaniye, bebek mamas\u0131, s\u00fct tozu, elektrik jenerat\u00f6rleri ve ayd\u0131nlatma cihazlar\u0131 dahil olmak \u00fczere 98 ton yard\u0131m malzemesi ta\u015f\u0131d\u0131\u011f\u0131n\u0131 belirtirken, \u00c7e\u00e7enistan Cumhuriyeti&#8217;nin Suriye&#8217;nin yan\u0131nda oldu\u011funu ve ona yard\u0131m sa\u011flamaya devam edece\u011fine i\u015faret etti.<\/p>\n<p>Lazkiye Havaliman\u0131 M\u00fcd\u00fcr\u00fc M\u00fch. Ziyad El Tavil ise, &#8220;BAE u\u00e7a\u011f\u0131 depremden etkilenenler i\u00e7in 25 ton g\u0131da maddesi ta\u015f\u0131d\u0131\u011f\u0131n\u0131 belirtti.<\/p>\n<p><a href=\"https:\/\/t.me\/SuriyeArapHaberAjansI\">Telegram Kanal\u0131m\u0131z\u00a0<\/a><\/p>\n<p><a href=\"https:\/\/www.facebook.com\/SANAHaberAjansi\/\">Facebook Sayfam\u0131z<\/a><\/p>\n","protected":false},"excerpt":{"rendered":"<p>LAZK\u0130YE \u2013 \u00c7e\u00e7en Cumhuriyeti&#8217;nden iki ve BAE&#8217;den bir olmak \u00fczere 3 u\u00e7ak bug\u00fcn, depremden etkilenenlere yard\u0131m ta\u015f\u0131mak \u00fczere Uluslararas\u0131 Lazkiye Havaliman\u0131&#8217;na vard\u0131. \u00c7e\u00e7en heyeti ba\u015fkan\u0131 Osman Usmanov, \u201c\u00c7e\u00e7en Cumhurba\u015fkan\u0131&#8217;n\u0131n direktifleri do\u011frultusunda Suriye halk\u0131n\u0131n depremin etkileriyle y\u00fczle\u015fmesi i\u00e7in yard\u0131m toplad\u0131k, iki u\u00e7ak, giysi, \u00e7ad\u0131r, battaniye, bebek mamas\u0131, s\u00fct tozu, elektrik jenerat\u00f6rleri ve ayd\u0131nlatma cihazlar\u0131 dahil olmak &hellip;<\/p>\n","protected":false},"author":39,"featured_media":274674,"comment_status":"closed","ping_status":"closed","sticky":false,"template":"","format":"standard","meta":{"footnotes":""},"categories":[479,17988,478],"tags":[],"class_list":["post-274673","post","type-post","status-publish","format-standard","has-post-thumbnail","","category-haberler-yerel","category-son-haberler","category-yerel"],"_links":{"self":[{"href":"https:\/\/archive.sana.sy\/tr\/index.php?rest_route=\/wp\/v2\/posts\/274673","targetHints":{"allow":["GET"]}}],"collection":[{"href":"https:\/\/archive.sana.sy\/tr\/index.php?rest_route=\/wp\/v2\/posts"}],"about":[{"href":"https:\/\/archive.sana.sy\/tr\/index.php?rest_route=\/wp\/v2\/types\/post"}],"author":[{"embeddable":true,"href":"https:\/\/archive.sana.sy\/tr\/index.php?rest_route=\/wp\/v2\/users\/39"}],"replies":[{"embeddable":true,"href":"https:\/\/archive.sana.sy\/tr\/index.php?rest_route=%2Fwp%2Fv2%2Fcomments&post=274673"}],"version-history":[{"count":0,"href":"https:\/\/archive.sana.sy\/tr\/index.php?rest_route=\/wp\/v2\/posts\/274673\/revisions"}],"wp:featuredmedia":[{"embeddable":true,"href":"https:\/\/archive.sana.sy\/tr\/index.php?rest_route=\/wp\/v2\/media\/274674"}],"wp:attachment":[{"href":"https:\/\/archive.sana.sy\/tr\/index.php?rest_route=%2Fwp%2Fv2%2Fmedia&parent=274673"}],"wp:term":[{"taxonomy":"category","embeddable":true,"href":"https:\/\/archive.sana.sy\/tr\/index.php?rest_route=%2Fwp%2Fv2%2Fcategories&post=274673"},{"taxonomy":"post_tag","embeddable":true,"href":"https:\/\/archive.sana.sy\/tr\/index.php?rest_route=%2Fwp%2Fv2%2Ftags&post=274673"}],"curies":[{"name":"wp","href":"https:\/\/api.w.org\/{rel}","templated":true}]}}