{"id":274723,"date":"2023-02-16T23:25:48","date_gmt":"2023-02-16T20:25:48","guid":{"rendered":"http:\/\/107.6.182.27\/tr\/?p=274723"},"modified":"2023-02-19T08:40:55","modified_gmt":"2023-02-19T05:40:55","slug":"cumhurbaskani-esadin-suriyeyi-vuran-depremin-sonuclariyla-ilgili-vatandaslara-hitabi","status":"publish","type":"post","link":"https:\/\/archive.sana.sy\/tr\/?p=274723","title":{"rendered":"Cumhurba\u015fkan\u0131 Esad&#8217;\u0131n Suriye&#8217;yi Vuran Depremin Sonu\u00e7lar\u0131yla \u0130lgili Vatanda\u015flara Hitab\u0131"},"content":{"rendered":"<p style=\"text-align: justify;\"><strong>\u015eAM<\/strong> &#8211; Cumhurba\u015fkan\u0131 Be\u015f\u015far Esad, Suriye&#8217;yi vuran depremin yans\u0131malar\u0131na ili\u015fkin yapt\u0131\u011f\u0131 konu\u015fmada, ne t\u00fcr ve boyutta olursa olsun vatan\u0131n ev oldu\u011funu, artan veya azalan imkanlardan ba\u011f\u0131ms\u0131z olarak, onu koruman\u0131n g\u00f6rev oldu\u011funu vurgulad\u0131.<\/p>\n<p style=\"text-align: justify;\">Hitab\u0131n tam metni a\u015fa\u011f\u0131dad\u0131r:<\/p>\n<p style=\"text-align: justify;\">De\u011ferli vatanda\u015flar\u0131m vatan evdir. Meydan okuman\u0131n t\u00fcr\u00fc ve \u00f6l\u00e7e\u011fi ne olursa olsun, korunmas\u0131 bir g\u00f6revdir. Artan veya azalan imkanlar ne olursa olsun, depremin ilk anlar\u0131ndan beri durum bu. Vatana, eve, Suriye&#8217;ye y\u00f6nelik bu derin ve kapsaml\u0131 duygu, hem bireysel hem de kurumsal bir ailenin fertlerinde ayn\u0131d\u0131r.<\/p>\n<p style=\"text-align: justify;\">Halep, Lazkiye ve Hama&#8217;daki yasl\u0131 karde\u015flerini korumak, kurtarmak ve onlara yard\u0131m etmek i\u00e7in yap\u0131lan bu muazzam hediye hi\u00e7birimize yabanc\u0131 de\u011fildi. Suriye&#8217;deki sava\u015f s\u0131ras\u0131nda bir\u00e7ok eklemde dokunduk ama daha kapsaml\u0131 ve netti. Ve en \u00f6nemlisi, daha anlaml\u0131yd\u0131, \u00e7\u00fcnk\u00fc on iki y\u0131ll\u0131k sava\u015f ve ku\u015fatman\u0131n ard\u0131ndan, beraberindeki \u00f6l\u00fcm, y\u0131k\u0131m ve ulusal d\u00fczeyde kaynak eksikli\u011fi ile geldi. Ancak bunca sertli\u011fe ra\u011fmen birbirimize, vatana, topra\u011f\u0131na ve insan\u0131na, kavramlar\u0131na, \u00f6rf ve adetlerine kar\u015f\u0131 duygu ve d\u00fc\u015f\u00fcncelerimizin \u00f6z\u00fcn\u00fc de\u011fi\u015ftirmedi. Ve e\u011fer bu sava\u015f bir\u00e7ok ulusal kayna\u011f\u0131 t\u00fckettiyse, daha fazla krizle y\u00fczle\u015fme yeteneklerini zay\u0131flatt\u0131.<\/p>\n<p style=\"text-align: justify;\">Depremin ilk saatlerinde Suriye toplumuna deneyim, h\u0131zl\u0131 ve etkili hareket etme yetene\u011fi kazand\u0131ran da bunlard\u0131r.\u00a0 O felaketin \u00f6l\u00e7e\u011fi ve hepimize emanet edilen g\u00f6revler, elimizdeki imkanlardan \u00e7ok daha b\u00fcy\u00fckt\u00fc. Ancak hem sava\u015f ve abluka nedeniyle hem de Suriye&#8217;nin iki bu\u00e7uk as\u0131rd\u0131r y\u0131k\u0131c\u0131 depremlerin ya\u015fand\u0131\u011f\u0131 bir b\u00f6lge olmamas\u0131 nedeniyle toplumumuzun bireyleri ve kurumlar\u0131yla yapabildikleri de mevcut imkanlar\u0131n \u00e7ok \u00f6tesindeydi.<\/p>\n<p style=\"text-align: justify;\">Ne tesis ve binalar, ne de kurum ve te\u00e7hizatlar her t\u00fcrl\u00fc do\u011fal afete haz\u0131r de\u011fildir. Bu da meydan okumay\u0131 t\u00fcr\u00fcn\u00fcn ilki, boyutu bak\u0131m\u0131ndan en b\u00fcy\u00fc\u011f\u00fc yapt\u0131..<\/p>\n<p style=\"text-align: justify;\">Devlet kurumlar\u0131, sivil toplum kurulu\u015flar\u0131 ve bireyler taraf\u0131ndan y\u00fcksek ve h\u0131zl\u0131 yan\u0131t verilmesi d\u0131\u015f\u0131nda bu zay\u0131fl\u0131klar telafi edilmedi.<\/p>\n<p style=\"text-align: justify;\">Kurtarma i\u015findeki g\u00f6n\u00fcll\u00fcler, ayni veya mali yard\u0131mda bulunanlar, b\u00f6lge sakinleri veya gurbet\u00e7iler, ac\u0131 \u00e7eken karde\u015flerine yard\u0131m etmek i\u00e7in m\u00fcmk\u00fcn olan her miktar\u0131 teslim etmek i\u00e7in ablukay\u0131 k\u0131rmak i\u00e7in her yolu denediler.<\/p>\n<p style=\"text-align: justify;\">Karde\u015f ve dost \u00fclkelerden gelen acil yard\u0131mlar\u0131n yan\u0131 s\u0131ra, depremin etkilerinin hafifletilmesi ve \u00e7ok say\u0131da yaral\u0131n\u0131n kurtar\u0131lmas\u0131 i\u00e7in y\u00fcr\u00fct\u00fclen ulusal \u00e7abalara \u00f6nemli bir destek olu\u015fturdu. Ancak, di\u011fer \u00fclkelerin bu alandaki deneyimlerine g\u00f6re, depremlerin ani ve gecikmeli yans\u0131malar\u0131 vard\u0131r.<\/p>\n<p style=\"text-align: justify;\">Aylar ve y\u0131llar boyunca hizmet, ekonomik ve sosyal zorluklarla kar\u015f\u0131la\u015facaklar\u0131m\u0131z, ilk g\u00fcnlerde kar\u015f\u0131 kar\u015f\u0131ya kald\u0131klar\u0131m\u0131zdan daha az \u00f6nemli de\u011fil ve \u00e7e\u015fitli ulusal sekt\u00f6rler taraf\u0131ndan \u00e7ok fazla d\u00fc\u015f\u00fcnmeyi, diyalo\u011fu, kar\u015f\u0131l\u0131kl\u0131 ba\u011f\u0131ml\u0131l\u0131\u011f\u0131 ve \u00f6rg\u00fctlenmeyi gerektiriyor.<\/p>\n<p style=\"text-align: justify;\">Sava\u015ftan \u00f6nceki on y\u0131llar boyunca \u00e7e\u015fitli sekt\u00f6rlerde biriken dengesizlik fakt\u00f6rlerine ek olarak. Sahne karma\u015f\u0131k g\u00f6r\u00fcnebilir ve her bir soruna yol a\u00e7an sebepleri ayr\u0131 ayr\u0131 \u00e7\u00f6zmek zor olabilir.<\/p>\n<p style=\"text-align: justify;\">\u00d6te yandan, bu birikmi\u015f sorunlar\u0131 tutarl\u0131 bir \u015fekilde \u00e7\u00f6zme f\u0131rsat\u0131 veriyor.<\/p>\n<p style=\"text-align: justify;\">Bu, krizler kar\u015f\u0131s\u0131nda sadece yerinde durmak yerine, acil durum ko\u015fullar\u0131n\u0131n olumsuzluklar\u0131n\u0131 ele almaktan, kapsaml\u0131 bir tedavinin olumlu y\u00f6nlerini eklemeye ve bunun kalk\u0131nma ve ilerleme a\u00e7\u0131s\u0131ndan ne anlama geldi\u011fine ge\u00e7memiz anlam\u0131na gelir..<\/p>\n<p style=\"text-align: justify;\">Bu, birdenbire de\u011fil, yeteneklerin mevcudiyetine g\u00f6re ve zaman i\u00e7inde \u00f6ncelikler halinde ger\u00e7ekle\u015febilir. Ama \u00f6nemli olan ulusal uzla\u015f\u0131ya dayal\u0131, geni\u015f diyalo\u011fa dayal\u0131 bir vizyona sahip olmakt\u0131r. Ama o zamana kadar depremin yans\u0131malar\u0131n\u0131 s\u0131ras\u0131na g\u00f6re ele almaya devam etmeliyiz.<\/p>\n<p style=\"text-align: justify;\">Kurtarma a\u015famas\u0131n\u0131 ge\u00e7tikten sonra acil durum bar\u0131naklar\u0131n\u0131 ve yiyecek, giyecek, ila\u00e7 gibi temel ihtiya\u00e7lar\u0131 g\u00fcvence alt\u0131na al\u0131n. Bu \u015fimdiye kadar yap\u0131ld\u0131. \u0130lgili devlet kurumlar\u0131, daha sonraki bir a\u015famada kal\u0131c\u0131 konut sa\u011flanmas\u0131na kadar ge\u00e7ici konut sa\u011flamak i\u00e7in \u00e7al\u0131\u015fmaya ba\u015flad\u0131.<\/p>\n<p style=\"text-align: justify;\">\u015eu anda, etkilenenleri desteklemek amac\u0131yla, ya\u015fam yeteneklerini her y\u00f6n\u00fcyle geri kazanana kadar desteklemek amac\u0131yla bir fon olu\u015fturulmas\u0131 i\u00e7in bir \u00e7al\u0131\u015fma y\u00fcr\u00fct\u00fclmektedir.<\/p>\n<p style=\"text-align: justify;\">Bu, hasar say\u0131m\u0131n\u0131n tamamlanmas\u0131ndan ve dahil olanlar\u0131 ve deste\u011fin temelini belirlemek i\u00e7in kriterlerin geli\u015ftirilmesinden sonrad\u0131r..<\/p>\n<p style=\"text-align: justify;\">B\u00fct\u00fcn bunlar, genellikle etkilenen b\u00f6lgeleri etkileyen ve genel olarak ulusal ekonomiyi etkileyen ekonomik gerilemeyi, halk\u0131n \u00fczerindeki ekonomik y\u00fckleri hafifleten ve ekonomik d\u00f6ng\u00fcy\u00fc h\u0131zland\u0131ran yasalar \u00e7\u0131kararak ve \u00f6nlemler alarak h\u0131zl\u0131 bir \u015fekilde durdurmak i\u00e7in paraleldir.<\/p>\n<p style=\"text-align: justify;\">\u00d6n\u00fcm\u00fczdeki birka\u00e7 g\u00fcn i\u00e7inde tart\u0131\u015fmaya ve uygun kararlar i\u00e7in sunulmadan \u00f6nce \u00fczerinde \u00e7al\u0131\u015f\u0131lan konular.<\/p>\n<p style=\"text-align: justify;\">Son zamanlarda \u00f6nerilen bir dizi ba\u015fka fikre ek olarak, ilgili kurumlarca inceleme ve tart\u0131\u015fma hakk\u0131n\u0131 yerine getirdikten ve uygulanabilirli\u011fi kan\u0131tland\u0131ktan sonra ilan edilecektir.<\/p>\n<p style=\"text-align: justify;\">Sevgili karde\u015flerim:<\/p>\n<p style=\"text-align: justify;\">Toplumlar jeolojik, siyasi, askeri, k\u00fclt\u00fcrel, sosyal veya di\u011fer \u015fiddetli sars\u0131nt\u0131lar olsun, her t\u00fcrden depreme maruz kald\u0131\u011f\u0131nda,kanunlar ve y\u00f6netmelikler, kavramlar, gelenekler ve etik dahil olmak \u00fczere kurumsal ve sosyal kontrollerinin sars\u0131lmas\u0131 nedeniyle istikrar\u0131n\u0131n bir k\u0131sm\u0131n\u0131 muhakkak kaybedecektir&#8230; Bu da hali haz\u0131rda var olan ancak bu kontrollerle gizli veya s\u0131n\u0131rl\u0131 olan olumsuzluklar\u0131n ortaya \u00e7\u0131kmas\u0131na neden olur.<\/p>\n<p style=\"text-align: justify;\">Krizlerde su y\u00fcz\u00fcne \u00e7\u0131kan belirtilerle ba\u015fa \u00e7\u0131kmak i\u00e7in \u015fevk ve d\u00fcrt\u00fcsellik gereklidir. Hikmet ve \u015fuura dayanmak \u015fart\u0131yla, depremi takip eden saatler ve g\u00fcnlerde tan\u0131k oldu\u011fumuz kahramanl\u0131k, fedakarl\u0131k, \u00f6zveri, dayan\u0131\u015fma ve s\u0131n\u0131rs\u0131z ko\u015fu\u015fturma sahnelerini alt \u00fcst ettiyse abart\u0131 ve hayallere de\u011fil, ger\u00e7eklere dayanarak, s\u00f6ylenti yaymak yerine ger\u00e7ekleri arayal\u0131m. O se\u00e7kin ve \u015fa\u015f\u0131rt\u0131c\u0131 insanc\u0131l ulusal sahneyi yapan herkese hayal k\u0131r\u0131kl\u0131\u011f\u0131 mesajlar\u0131 g\u00f6nderecek ve ba\u015fkalar\u0131 i\u00e7in \u00e7izdi\u011fimiz o beyaz tabloyla \u00e7eli\u015fen ve ondan farkl\u0131 bir tablo pazarlayacak.<\/p>\n<p style=\"text-align: justify;\">Ulusal sivil ve askeri kurumlar\u0131m\u0131z\u0131n, sivil toplum ve bireysel g\u00f6n\u00fcll\u00fclerimizin gece g\u00fcnd\u00fcz ar\u0131 kovanlar\u0131 gibi y\u00fcr\u00fctt\u00fc\u011f\u00fc kurtarma operasyonlar\u0131nda kahramanl\u0131k g\u00f6r\u00fcnt\u00fclerini silebilecek -k\u00fc\u00e7\u00fck veya b\u00fcy\u00fck- bir olay var m\u0131? Her yap\u0131lan\u0131n da hesab\u0131n\u0131 verdiler. \u00dcmitleriyle, ac\u0131lar\u0131yla vatan\u0131 \u015fevkle, g\u00f6n\u00fcl rahatl\u0131\u011f\u0131yla, s\u0131n\u0131rs\u0131z sevgiyle, b\u00fcy\u00fck bir fedakarl\u0131kla ta\u015f\u0131d\u0131lar, b\u00fct\u00fcn g\u00fczel anlamlar\u0131 ve asil de\u011ferleriyle vatan oldular m\u0131? Yoksa, ma\u011fdurlar\u0131 bir iyilik seliyle desteklemek, onlardan istek ve sorgulamay\u0131 gizlemek i\u00e7in kendili\u011finden geli\u015fen pop\u00fcler d\u00fcrt\u00fc m\u00fc? Onun ve ailesinin ac\u0131 \u00e7ekenlere yard\u0131m etmesine zar zor yeten g\u00fcn\u00fc? Yani bizim i\u00e7in en asil tezah\u00fcrleriyle ya\u015fayan ve ger\u00e7ek bir ahlak modelini, en derin anlamlar\u0131yla vatanseverli\u011fi ve en iyi nitelikleriyle insanl\u0131\u011f\u0131 somutla\u015ft\u0131rd\u0131lar m\u0131? \u00c7e\u015fitli medya ve ileti\u015fim ara\u00e7lar\u0131nda toplumumuzun ger\u00e7ek imaj\u0131n\u0131 savunmak i\u00e7in k\u0131skan\u00e7l\u0131k ve \u015fevk uyand\u0131ranlar\u0131 ve baz\u0131lar\u0131n\u0131n pazarlamaya \u00e7al\u0131\u015ft\u0131\u011f\u0131 \u00e7arp\u0131k imaj\u0131n toplum olarak itibar\u0131m\u0131z\u0131 zedelemesine, i\u00e7indeki ahlaka izin vermeyenleri unutabilir miyiz? Dayan\u0131\u015fma ve \u00f6tekilik i\u00e7in bireysel ve kolektif d\u00fczeyde en y\u00fcksek de\u011fer? Ve di\u011fer sonsuz hikayeler, hikayeler ve detaylar, insanlar ve kahramanlar, yi\u011fit ve cesur, bug\u00fcn\u00fcn rol modelleri ve gelece\u011fin fenerleridir.<\/p>\n<p style=\"text-align: justify;\">T\u00fcm bunlara, bu ac\u0131 \u0131zd\u0131rab\u0131 maddi ve manevi olarak elinden geldi\u011fince, bir s\u00f6z veya bir s\u00f6zle hafifletmek i\u00e7in \u00e7al\u0131\u015fan herkese, ikamet edenlere ve gurbet\u00e7ilere te\u015fekk\u00fcr etmiyoruz, \u00e7\u00fcnk\u00fc \u00fclkeyi seven, ona hizmet eden ve savunan hi\u00e7birimizin bir par\u00e7as\u0131 \u015f\u00fckran gerektirmeyen bir g\u00f6revdir. Bunun yerine onlara diyoruz ki, biz sizinle gurur duyuyoruz ve \u00fclke sizinle gurur duyuyor.<\/p>\n<p style=\"text-align: justify;\">Ma\u011fdurlar i\u00e7in duydu\u011fumuz ac\u0131 ve keder, hem\u015ferilerimizle duydu\u011fumuz gurur aras\u0131nda, afetin ilk saatlerinden itibaren yan\u0131m\u0131zda olan t\u00fcm Arap karde\u015flerimize, dostlar\u0131m\u0131za, ayni ve saha yard\u0131mlar\u0131na te\u015fekk\u00fcr etmekten kendimizi alam\u0131yoruz. Kritik saatlerde zor ko\u015fullarla y\u00fczle\u015fmek i\u00e7in yeteneklerimizi g\u00fc\u00e7lendirmede b\u00fcy\u00fck etkisi oldu.<\/p>\n<p style=\"text-align: justify;\">Enkaz alt\u0131nda ya\u015fayan bir insan bulunmas\u0131 umuduyla son anlar\u0131na kadar \u00e7al\u0131\u015fmalar\u0131n\u0131 s\u00fcrd\u00fcren, kurtarma operasyonlar\u0131na karde\u015fleri Suriyelilerin \u00f6zveri ve co\u015fkusuyla kat\u0131lan farkl\u0131 \u00fclkelerden kurtarma ekiplerinden \u00f6zellikle s\u00f6z ediyorum, onlar ger\u00e7ek karde\u015flerdi\u2026 Kendilerine her Suriyeli ad\u0131na selam, sayg\u0131 ve \u015f\u00fckranlar\u0131m\u0131z\u0131 sunuyoruz.<\/p>\n<p style=\"text-align: justify;\">Sevgili karde\u015flerim<\/p>\n<p style=\"text-align: justify;\">Bu \u00fclkede hepimiz, M\u00fcsl\u00fcmanlar ve Hristiyanlar olarak, Allah&#8217;a inan\u0131yoruz. O&#8217;na inanmak, O&#8217;nun iradesine inanmak demektir. Bizim i\u00e7in iradesi kaderdir, bize sevdi\u011fimiz \u015feyleri ve nefret etti\u011fimiz \u015feyleri getirebilir. E\u011fer ba\u015f\u0131m\u0131za gelen musibet, nimetler ve sebepleri ile ilgili ilahi hikmetleri anlayacak durumda de\u011filsek, o halde elbette onlardan hay\u0131r ve \u015ferden dersler \u00e7\u0131karan, ibretler alan bir durumday\u0131z.<\/p>\n<p style=\"text-align: justify;\">Bu zorlu deneyimden \u00f6\u011frendi\u011fimiz en \u00f6nemli ve ilk \u015fey, \u00e7e\u015fitli sekt\u00f6r ve sekt\u00f6rlerimizde, i\u00e7inde bulundu\u011fumuz ko\u015fullar\u0131n ve yeteneksizliklerimizin \u00fcstesinden birbirimizle gelebildi\u011fimizdir. B\u00fcy\u00fck ki\u015fisel yeteneklerimize olan inan\u00e7 ve bunu yapan\u0131n kar\u015f\u0131l\u0131kl\u0131 deste\u011fimiz oldu\u011fu ve onu bast\u0131ran\u0131n da\u011f\u0131lmam\u0131z oldu\u011fu inanc\u0131d\u0131r.<\/p>\n<p style=\"text-align: justify;\">Allah&#8217;a inanal\u0131m, vatana inanal\u0131m, elimizdeyken mucizeler yaratacak iradeye inanal\u0131m. Suriye, evlatlar\u0131yla azizdir, tarihiyle g\u00fc\u00e7l\u00fcd\u00fcr, itibar\u0131yla zengindir ve iradesiyle kadirdir.<\/p>\n<p style=\"text-align: justify;\">Kaybettiklerimize rahmet, yaral\u0131lar\u0131m\u0131za \u015fifalar, Y\u00fcce Allah&#8217;tan Suriye&#8217;yi ve halk\u0131n\u0131 her t\u00fcrl\u00fc k\u00f6t\u00fcl\u00fckten korumas\u0131n\u0131 dileriz.<\/p>\n<p style=\"text-align: justify;\">Vesselamu Aleykum Verahmetullahi Ve Berekatuhu.<\/p>\n<p style=\"text-align: justify;\">\n","protected":false},"excerpt":{"rendered":"<p>\u015eAM &#8211; Cumhurba\u015fkan\u0131 Be\u015f\u015far Esad, Suriye&#8217;yi vuran depremin yans\u0131malar\u0131na ili\u015fkin yapt\u0131\u011f\u0131 konu\u015fmada, ne t\u00fcr ve boyutta olursa olsun vatan\u0131n ev oldu\u011funu, artan veya azalan imkanlardan ba\u011f\u0131ms\u0131z olarak, onu koruman\u0131n g\u00f6rev oldu\u011funu vurgulad\u0131. Hitab\u0131n tam metni a\u015fa\u011f\u0131dad\u0131r: De\u011ferli vatanda\u015flar\u0131m vatan evdir. Meydan okuman\u0131n t\u00fcr\u00fc ve \u00f6l\u00e7e\u011fi ne olursa olsun, korunmas\u0131 bir g\u00f6revdir. Artan veya azalan imkanlar &hellip;<\/p>\n","protected":false},"author":1,"featured_media":274724,"comment_status":"closed","ping_status":"closed","sticky":false,"template":"","format":"standard","meta":{"footnotes":""},"categories":[609,605,17988],"tags":[],"class_list":["post-274723","post","type-post","status-publish","format-standard","has-post-thumbnail","","category-konusmalar","category-sayin-cumhurbaskani","category-son-haberler"],"_links":{"self":[{"href":"https:\/\/archive.sana.sy\/tr\/index.php?rest_route=\/wp\/v2\/posts\/274723","targetHints":{"allow":["GET"]}}],"collection":[{"href":"https:\/\/archive.sana.sy\/tr\/index.php?rest_route=\/wp\/v2\/posts"}],"about":[{"href":"https:\/\/archive.sana.sy\/tr\/index.php?rest_route=\/wp\/v2\/types\/post"}],"author":[{"embeddable":true,"href":"https:\/\/archive.sana.sy\/tr\/index.php?rest_route=\/wp\/v2\/users\/1"}],"replies":[{"embeddable":true,"href":"https:\/\/archive.sana.sy\/tr\/index.php?rest_route=%2Fwp%2Fv2%2Fcomments&post=274723"}],"version-history":[{"count":0,"href":"https:\/\/archive.sana.sy\/tr\/index.php?rest_route=\/wp\/v2\/posts\/274723\/revisions"}],"wp:featuredmedia":[{"embeddable":true,"href":"https:\/\/archive.sana.sy\/tr\/index.php?rest_route=\/wp\/v2\/media\/274724"}],"wp:attachment":[{"href":"https:\/\/archive.sana.sy\/tr\/index.php?rest_route=%2Fwp%2Fv2%2Fmedia&parent=274723"}],"wp:term":[{"taxonomy":"category","embeddable":true,"href":"https:\/\/archive.sana.sy\/tr\/index.php?rest_route=%2Fwp%2Fv2%2Fcategories&post=274723"},{"taxonomy":"post_tag","embeddable":true,"href":"https:\/\/archive.sana.sy\/tr\/index.php?rest_route=%2Fwp%2Fv2%2Ftags&post=274723"}],"curies":[{"name":"wp","href":"https:\/\/api.w.org\/{rel}","templated":true}]}}