{"id":274777,"date":"2023-02-18T10:33:19","date_gmt":"2023-02-18T07:33:19","guid":{"rendered":"https:\/\/sana.sy\/tr\/?p=274777"},"modified":"2023-02-19T08:33:40","modified_gmt":"2023-02-19T05:33:40","slug":"yemenli-yardim-konvoyu-lazkiyedeki-depremzedeler-icin-yola-cikti","status":"publish","type":"post","link":"https:\/\/archive.sana.sy\/tr\/?p=274777","title":{"rendered":"Yemenli Yard\u0131m Konvoyu Lazkiye&#8217;deki Depremzedeler \u0130\u00e7in Yola \u00c7\u0131kt\u0131"},"content":{"rendered":"<p>\u015eAM \u2013 Yemenli bir insani ve yard\u0131m konvoyu bug\u00fcn, depremden etkilenenlere \u015eam&#8217;daki Yemen b\u00fcy\u00fckel\u00e7ili\u011finden Lazkiye&#8217;ye hareket etti.<\/p>\n<p><a href=\"https:\/\/t.me\/SuriyeArapHaberAjansI\">Telegram Kanal\u0131m\u0131z\u00a0<\/a><\/p>\n<p><a href=\"https:\/\/www.facebook.com\/SANAHaberAjansi\/\">Facebook Sayfam\u0131z<\/a><\/p>\n","protected":false},"excerpt":{"rendered":"<p>\u015eAM \u2013 Yemenli bir insani ve yard\u0131m konvoyu bug\u00fcn, depremden etkilenenlere \u015eam&#8217;daki Yemen b\u00fcy\u00fckel\u00e7ili\u011finden Lazkiye&#8217;ye hareket etti. Telegram Kanal\u0131m\u0131z\u00a0 Facebook Sayfam\u0131z<\/p>\n","protected":false},"author":36,"featured_media":274778,"comment_status":"closed","ping_status":"closed","sticky":false,"template":"","format":"standard","meta":{"footnotes":""},"categories":[479,17988,478],"tags":[],"class_list":["post-274777","post","type-post","status-publish","format-standard","has-post-thumbnail","","category-haberler-yerel","category-son-haberler","category-yerel"],"_links":{"self":[{"href":"https:\/\/archive.sana.sy\/tr\/index.php?rest_route=\/wp\/v2\/posts\/274777","targetHints":{"allow":["GET"]}}],"collection":[{"href":"https:\/\/archive.sana.sy\/tr\/index.php?rest_route=\/wp\/v2\/posts"}],"about":[{"href":"https:\/\/archive.sana.sy\/tr\/index.php?rest_route=\/wp\/v2\/types\/post"}],"author":[{"embeddable":true,"href":"https:\/\/archive.sana.sy\/tr\/index.php?rest_route=\/wp\/v2\/users\/36"}],"replies":[{"embeddable":true,"href":"https:\/\/archive.sana.sy\/tr\/index.php?rest_route=%2Fwp%2Fv2%2Fcomments&post=274777"}],"version-history":[{"count":0,"href":"https:\/\/archive.sana.sy\/tr\/index.php?rest_route=\/wp\/v2\/posts\/274777\/revisions"}],"wp:featuredmedia":[{"embeddable":true,"href":"https:\/\/archive.sana.sy\/tr\/index.php?rest_route=\/wp\/v2\/media\/274778"}],"wp:attachment":[{"href":"https:\/\/archive.sana.sy\/tr\/index.php?rest_route=%2Fwp%2Fv2%2Fmedia&parent=274777"}],"wp:term":[{"taxonomy":"category","embeddable":true,"href":"https:\/\/archive.sana.sy\/tr\/index.php?rest_route=%2Fwp%2Fv2%2Fcategories&post=274777"},{"taxonomy":"post_tag","embeddable":true,"href":"https:\/\/archive.sana.sy\/tr\/index.php?rest_route=%2Fwp%2Fv2%2Ftags&post=274777"}],"curies":[{"name":"wp","href":"https:\/\/api.w.org\/{rel}","templated":true}]}}