{"id":274883,"date":"2023-02-18T19:07:19","date_gmt":"2023-02-18T16:07:19","guid":{"rendered":"https:\/\/sana.sy\/tr\/?p=274883"},"modified":"2023-02-19T08:39:08","modified_gmt":"2023-02-19T05:39:08","slug":"sebbag-urdun-senatosu-baskanindan-depremzedelerin-aileleriyle-dayanismasini-ifade-eden-bir-taziye-mektubu-aldi","status":"publish","type":"post","link":"https:\/\/archive.sana.sy\/tr\/?p=274883","title":{"rendered":"Sebba\u011f, \u00dcrd\u00fcn Senatosu Ba\u015fkan\u0131&#8217;ndan Depremzedelerin Aileleriyle Dayan\u0131\u015fmas\u0131n\u0131 \u0130fade Eden Bir Taziye Mektubu Ald\u0131"},"content":{"rendered":"<p><strong>\u015eAM<\/strong> &#8211; Halk Meclisi Ba\u015fkan\u0131 Hamuda Sebba\u011f, \u00dcrd\u00fcn Ha\u015fimi Krall\u0131\u011f\u0131 Senato S\u00f6zc\u00fcs\u00fc Faysal Akef El Fayez&#8217;den kendi ad\u0131na ve \u00dcrd\u00fcn Senatosu \u00fcyeleri ad\u0131na, y\u0131k\u0131c\u0131 depremin kurbanlar\u0131n\u0131n ailelerine taziyelerini, sempatilerini ve dayan\u0131\u015fmalar\u0131n\u0131 ifade etti\u011fi bir taziye mektubu ald\u0131.<\/p>\n<p>El Fayez mektubunda, Suriye&#8217;deki baz\u0131 vilayetleri vuran y\u0131k\u0131c\u0131 depremin neden oldu\u011fu ve ba\u015flar\u0131na gelen insani felaket kar\u015f\u0131s\u0131nda \u00dcrd\u00fcn halk\u0131n\u0131n Suriye&#8217;deki karde\u015flerinin yan\u0131nda durdu\u011funu ve deste\u011fini vurgulad\u0131.<\/p>\n<p>R.M.<\/p>\n<p><a href=\"https:\/\/t.me\/SuriyeArapHaberAjansI\">Telegram Kanal\u0131m\u0131z\u00a0<\/a><\/p>\n<p><a href=\"https:\/\/www.facebook.com\/SANAHaberAjansi\/\">Facebook Sayfam\u0131z<\/a><\/p>\n","protected":false},"excerpt":{"rendered":"<p>\u015eAM &#8211; Halk Meclisi Ba\u015fkan\u0131 Hamuda Sebba\u011f, \u00dcrd\u00fcn Ha\u015fimi Krall\u0131\u011f\u0131 Senato S\u00f6zc\u00fcs\u00fc Faysal Akef El Fayez&#8217;den kendi ad\u0131na ve \u00dcrd\u00fcn Senatosu \u00fcyeleri ad\u0131na, y\u0131k\u0131c\u0131 depremin kurbanlar\u0131n\u0131n ailelerine taziyelerini, sempatilerini ve dayan\u0131\u015fmalar\u0131n\u0131 ifade etti\u011fi bir taziye mektubu ald\u0131. El Fayez mektubunda, Suriye&#8217;deki baz\u0131 vilayetleri vuran y\u0131k\u0131c\u0131 depremin neden oldu\u011fu ve ba\u015flar\u0131na gelen insani felaket kar\u015f\u0131s\u0131nda \u00dcrd\u00fcn &hellip;<\/p>\n","protected":false},"author":41,"featured_media":274884,"comment_status":"closed","ping_status":"closed","sticky":false,"template":"","format":"standard","meta":{"footnotes":""},"categories":[479,17988,478],"tags":[],"class_list":["post-274883","post","type-post","status-publish","format-standard","has-post-thumbnail","","category-haberler-yerel","category-son-haberler","category-yerel"],"_links":{"self":[{"href":"https:\/\/archive.sana.sy\/tr\/index.php?rest_route=\/wp\/v2\/posts\/274883","targetHints":{"allow":["GET"]}}],"collection":[{"href":"https:\/\/archive.sana.sy\/tr\/index.php?rest_route=\/wp\/v2\/posts"}],"about":[{"href":"https:\/\/archive.sana.sy\/tr\/index.php?rest_route=\/wp\/v2\/types\/post"}],"author":[{"embeddable":true,"href":"https:\/\/archive.sana.sy\/tr\/index.php?rest_route=\/wp\/v2\/users\/41"}],"replies":[{"embeddable":true,"href":"https:\/\/archive.sana.sy\/tr\/index.php?rest_route=%2Fwp%2Fv2%2Fcomments&post=274883"}],"version-history":[{"count":0,"href":"https:\/\/archive.sana.sy\/tr\/index.php?rest_route=\/wp\/v2\/posts\/274883\/revisions"}],"wp:featuredmedia":[{"embeddable":true,"href":"https:\/\/archive.sana.sy\/tr\/index.php?rest_route=\/wp\/v2\/media\/274884"}],"wp:attachment":[{"href":"https:\/\/archive.sana.sy\/tr\/index.php?rest_route=%2Fwp%2Fv2%2Fmedia&parent=274883"}],"wp:term":[{"taxonomy":"category","embeddable":true,"href":"https:\/\/archive.sana.sy\/tr\/index.php?rest_route=%2Fwp%2Fv2%2Fcategories&post=274883"},{"taxonomy":"post_tag","embeddable":true,"href":"https:\/\/archive.sana.sy\/tr\/index.php?rest_route=%2Fwp%2Fv2%2Ftags&post=274883"}],"curies":[{"name":"wp","href":"https:\/\/api.w.org\/{rel}","templated":true}]}}