{"id":274910,"date":"2023-02-19T09:38:21","date_gmt":"2023-02-19T06:38:21","guid":{"rendered":"https:\/\/sana.sy\/tr\/?p=274910"},"modified":"2023-02-20T08:40:38","modified_gmt":"2023-02-20T05:40:38","slug":"dusman-israilin-yerlesim-alanlari-dahil-sam-ve-cevresine-saldirisinda-5-sehit-15-yarali","status":"publish","type":"post","link":"https:\/\/archive.sana.sy\/tr\/?p=274910","title":{"rendered":"D\u00fc\u015fman \u0130srail&#8217;in Yerle\u015fim Alanlar\u0131 Dahil \u015eam ve \u00c7evresine Sald\u0131r\u0131s\u0131nda 5 \u015eehit 15 Yaral\u0131 &#8220;V\u0130DEO&#8221;"},"content":{"rendered":"<p><strong>\u015eAM<\/strong> &#8211; \u0130srail&#8217;in yerle\u015fim mahalleleri de dahil olmak \u00fczere \u015eam i\u00e7indeki ve \u00e7evresindeki noktalar\u0131 hedef alan f\u00fczeli hava sald\u0131r\u0131s\u0131 sonucunda 5 ki\u015fi \u015fehit d\u00fc\u015ft\u00fc 15 ki\u015fi de yaraland\u0131.<\/p>\n<p>Askeri kaynak SANA&#8217;ya a\u00e7\u0131klamas\u0131nda: &#8220;Bug\u00fcn saat 00:22&#8217;de, d\u00fc\u015fman \u0130srail, i\u015fgal alt\u0131ndaki Suriyeli Golan y\u00f6n\u00fcnden, \u015eam \u015fehri ve \u00e7evresindeki sivillerin ya\u015fad\u0131\u011f\u0131 yerle\u015fim yerleri de dahil olmak \u00fczere baz\u0131 noktalar\u0131 hedef alan f\u00fczeli hava sald\u0131r\u0131s\u0131 d\u00fczenledi\u011fini, hava savunmam\u0131z\u0131n sald\u0131rgan f\u00fczelere kar\u015f\u0131 koydu\u011funu ve \u00e7o\u011funu d\u00fc\u015f\u00fcrd\u00fc\u011f\u00fcn\u00fc\u201d belirtti.<\/p>\n<p><img loading=\"lazy\" decoding=\"async\" class=\"size-full wp-image-274913 alignright\" src=\"http:\/\/sana.sy\/tr\/wp-content\/uploads\/2023\/02\/0-60-300x168-1.jpg\" alt=\"\" width=\"300\" height=\"168\" srcset=\"https:\/\/archive.sana.sy\/tr\/wp-content\/uploads\/2023\/02\/0-60-300x168-1.jpg 300w, https:\/\/archive.sana.sy\/tr\/wp-content\/uploads\/2023\/02\/0-60-300x168-1-150x84.jpg 150w\" sizes=\"auto, (max-width: 300px) 100vw, 300px\" \/>Kaynak: Sald\u0131r\u0131n\u0131n, ilk sonu\u00e7lara g\u00f6re, aralar\u0131nda bir askerin de bulundu\u011fu be\u015f ki\u015finin \u015fehit d\u00fc\u015fmesine, kritik vakalar da dahil olmak \u00fczere 15 sivilin de yaralanmas\u0131na yol a\u00e7t\u0131\u011f\u0131n\u0131, \u015eam ve \u00e7evresinde \u00e7ok say\u0131da sivilin evinin y\u0131k\u0131lmas\u0131 ve \u00e7ok say\u0131da mahallede maddi hasar meydana geldi\u011fine dikkat \u00e7ekti.<\/p>\n<p><a href=\"https:\/\/t.me\/SuriyeArapHaberAjansI\">Telegram Kanal\u0131m\u0131z\u00a0<\/a><\/p>\n<p><a href=\"https:\/\/www.facebook.com\/SANAHaberAjansi\/\">Facebook Sayfam\u0131z<\/a><\/p>\n<div id='gallery-1' class='gallery galleryid-274910 gallery-columns-1 gallery-size-full'><figure class='gallery-item'>\n\t\t\t<div class='gallery-icon landscape'>\n\t\t\t\t<a href='https:\/\/archive.sana.sy\/tr\/wp-content\/uploads\/2023\/02\/Az_18-1-scaled-1.jpg'><img loading=\"lazy\" decoding=\"async\" width=\"2560\" height=\"1707\" src=\"https:\/\/archive.sana.sy\/tr\/wp-content\/uploads\/2023\/02\/Az_18-1-scaled-1.jpg\" class=\"attachment-full size-full\" alt=\"\" srcset=\"https:\/\/archive.sana.sy\/tr\/wp-content\/uploads\/2023\/02\/Az_18-1-scaled-1.jpg 2560w, https:\/\/archive.sana.sy\/tr\/wp-content\/uploads\/2023\/02\/Az_18-1-scaled-1-300x200.jpg 300w, https:\/\/archive.sana.sy\/tr\/wp-content\/uploads\/2023\/02\/Az_18-1-scaled-1-1024x683.jpg 1024w, https:\/\/archive.sana.sy\/tr\/wp-content\/uploads\/2023\/02\/Az_18-1-scaled-1-150x100.jpg 150w, https:\/\/archive.sana.sy\/tr\/wp-content\/uploads\/2023\/02\/Az_18-1-scaled-1-768x512.jpg 768w, https:\/\/archive.sana.sy\/tr\/wp-content\/uploads\/2023\/02\/Az_18-1-scaled-1-1536x1024.jpg 1536w, https:\/\/archive.sana.sy\/tr\/wp-content\/uploads\/2023\/02\/Az_18-1-scaled-1-2048x1366.jpg 2048w\" sizes=\"auto, (max-width: 2560px) 100vw, 2560px\" \/><\/a>\n\t\t\t<\/div><\/figure><figure class='gallery-item'>\n\t\t\t<div class='gallery-icon landscape'>\n\t\t\t\t<a href='https:\/\/archive.sana.sy\/tr\/wp-content\/uploads\/2023\/02\/Az_33-1-scaled-1.jpg'><img loading=\"lazy\" decoding=\"async\" width=\"2560\" height=\"1755\" src=\"https:\/\/archive.sana.sy\/tr\/wp-content\/uploads\/2023\/02\/Az_33-1-scaled-1.jpg\" class=\"attachment-full size-full\" alt=\"\" srcset=\"https:\/\/archive.sana.sy\/tr\/wp-content\/uploads\/2023\/02\/Az_33-1-scaled-1.jpg 2560w, https:\/\/archive.sana.sy\/tr\/wp-content\/uploads\/2023\/02\/Az_33-1-scaled-1-300x206.jpg 300w, https:\/\/archive.sana.sy\/tr\/wp-content\/uploads\/2023\/02\/Az_33-1-scaled-1-1024x702.jpg 1024w, https:\/\/archive.sana.sy\/tr\/wp-content\/uploads\/2023\/02\/Az_33-1-scaled-1-150x103.jpg 150w, https:\/\/archive.sana.sy\/tr\/wp-content\/uploads\/2023\/02\/Az_33-1-scaled-1-768x527.jpg 768w, https:\/\/archive.sana.sy\/tr\/wp-content\/uploads\/2023\/02\/Az_33-1-scaled-1-1536x1053.jpg 1536w, https:\/\/archive.sana.sy\/tr\/wp-content\/uploads\/2023\/02\/Az_33-1-scaled-1-2048x1404.jpg 2048w, https:\/\/archive.sana.sy\/tr\/wp-content\/uploads\/2023\/02\/Az_33-1-scaled-1-110x75.jpg 110w\" sizes=\"auto, (max-width: 2560px) 100vw, 2560px\" \/><\/a>\n\t\t\t<\/div><\/figure><figure class='gallery-item'>\n\t\t\t<div class='gallery-icon landscape'>\n\t\t\t\t<a href='https:\/\/archive.sana.sy\/tr\/wp-content\/uploads\/2023\/02\/Az_41-1-scaled-1.jpg'><img loading=\"lazy\" decoding=\"async\" width=\"2560\" height=\"1707\" src=\"https:\/\/archive.sana.sy\/tr\/wp-content\/uploads\/2023\/02\/Az_41-1-scaled-1.jpg\" class=\"attachment-full size-full\" alt=\"\" srcset=\"https:\/\/archive.sana.sy\/tr\/wp-content\/uploads\/2023\/02\/Az_41-1-scaled-1.jpg 2560w, https:\/\/archive.sana.sy\/tr\/wp-content\/uploads\/2023\/02\/Az_41-1-scaled-1-300x200.jpg 300w, https:\/\/archive.sana.sy\/tr\/wp-content\/uploads\/2023\/02\/Az_41-1-scaled-1-1024x683.jpg 1024w, https:\/\/archive.sana.sy\/tr\/wp-content\/uploads\/2023\/02\/Az_41-1-scaled-1-150x100.jpg 150w, https:\/\/archive.sana.sy\/tr\/wp-content\/uploads\/2023\/02\/Az_41-1-scaled-1-768x512.jpg 768w, https:\/\/archive.sana.sy\/tr\/wp-content\/uploads\/2023\/02\/Az_41-1-scaled-1-1536x1024.jpg 1536w, https:\/\/archive.sana.sy\/tr\/wp-content\/uploads\/2023\/02\/Az_41-1-scaled-1-2048x1366.jpg 2048w\" sizes=\"auto, (max-width: 2560px) 100vw, 2560px\" \/><\/a>\n\t\t\t<\/div><\/figure><figure class='gallery-item'>\n\t\t\t<div class='gallery-icon landscape'>\n\t\t\t\t<a href='https:\/\/archive.sana.sy\/tr\/wp-content\/uploads\/2023\/02\/Az_43-1-scaled-1.jpg'><img loading=\"lazy\" decoding=\"async\" width=\"2560\" height=\"1716\" src=\"https:\/\/archive.sana.sy\/tr\/wp-content\/uploads\/2023\/02\/Az_43-1-scaled-1.jpg\" class=\"attachment-full size-full\" alt=\"\" srcset=\"https:\/\/archive.sana.sy\/tr\/wp-content\/uploads\/2023\/02\/Az_43-1-scaled-1.jpg 2560w, https:\/\/archive.sana.sy\/tr\/wp-content\/uploads\/2023\/02\/Az_43-1-scaled-1-300x201.jpg 300w, https:\/\/archive.sana.sy\/tr\/wp-content\/uploads\/2023\/02\/Az_43-1-scaled-1-1024x686.jpg 1024w, https:\/\/archive.sana.sy\/tr\/wp-content\/uploads\/2023\/02\/Az_43-1-scaled-1-150x101.jpg 150w, https:\/\/archive.sana.sy\/tr\/wp-content\/uploads\/2023\/02\/Az_43-1-scaled-1-768x515.jpg 768w, https:\/\/archive.sana.sy\/tr\/wp-content\/uploads\/2023\/02\/Az_43-1-scaled-1-1536x1030.jpg 1536w, https:\/\/archive.sana.sy\/tr\/wp-content\/uploads\/2023\/02\/Az_43-1-scaled-1-2048x1373.jpg 2048w, https:\/\/archive.sana.sy\/tr\/wp-content\/uploads\/2023\/02\/Az_43-1-scaled-1-110x75.jpg 110w\" sizes=\"auto, (max-width: 2560px) 100vw, 2560px\" \/><\/a>\n\t\t\t<\/div><\/figure>\n\t\t<\/div>\n\n<p><iframe loading=\"lazy\" title=\"\u0623\u0636\u0631\u0627\u0631 \u0645\u0627\u062f\u064a\u0629 \u0643\u0628\u064a\u0631\u0629 \u0641\u064a \u0639\u062f\u062f \u0645\u0646 \u0627\u0644\u0623\u0628\u0646\u064a\u0629 \u0627\u0644\u0633\u0643\u0646\u064a\u0629 \u0628\u062f\u0645\u0634\u0642 \u062c\u0631\u0627\u0621 \u0627\u0644\u0639\u062f\u0648\u0627\u0646 \u0627\u0644\u0625\u0633\u0631\u0627\u0626\u064a\u0644\u064a\" src=\"https:\/\/www.youtube.com\/embed\/FyJIeJA_nZw\" width=\"660\" height=\"370\" frameborder=\"0\" allowfullscreen=\"allowfullscreen\"><\/iframe><\/p>\n","protected":false},"excerpt":{"rendered":"<p>\u015eAM &#8211; \u0130srail&#8217;in yerle\u015fim mahalleleri de dahil olmak \u00fczere \u015eam i\u00e7indeki ve \u00e7evresindeki noktalar\u0131 hedef alan f\u00fczeli hava sald\u0131r\u0131s\u0131 sonucunda 5 ki\u015fi \u015fehit d\u00fc\u015ft\u00fc 15 ki\u015fi de yaraland\u0131. Askeri kaynak SANA&#8217;ya a\u00e7\u0131klamas\u0131nda: &#8220;Bug\u00fcn saat 00:22&#8217;de, d\u00fc\u015fman \u0130srail, i\u015fgal alt\u0131ndaki Suriyeli Golan y\u00f6n\u00fcnden, \u015eam \u015fehri ve \u00e7evresindeki sivillerin ya\u015fad\u0131\u011f\u0131 yerle\u015fim yerleri de dahil olmak \u00fczere baz\u0131 &hellip;<\/p>\n","protected":false},"author":39,"featured_media":274911,"comment_status":"closed","ping_status":"closed","sticky":false,"template":"","format":"standard","meta":{"footnotes":""},"categories":[596,479,575,17988,478],"tags":[],"class_list":["post-274910","post","type-post","status-publish","format-standard","has-post-thumbnail","","category-fotografli-raporlar","category-haberler-yerel","category-olaylar-ve-gercekler","category-son-haberler","category-yerel"],"_links":{"self":[{"href":"https:\/\/archive.sana.sy\/tr\/index.php?rest_route=\/wp\/v2\/posts\/274910","targetHints":{"allow":["GET"]}}],"collection":[{"href":"https:\/\/archive.sana.sy\/tr\/index.php?rest_route=\/wp\/v2\/posts"}],"about":[{"href":"https:\/\/archive.sana.sy\/tr\/index.php?rest_route=\/wp\/v2\/types\/post"}],"author":[{"embeddable":true,"href":"https:\/\/archive.sana.sy\/tr\/index.php?rest_route=\/wp\/v2\/users\/39"}],"replies":[{"embeddable":true,"href":"https:\/\/archive.sana.sy\/tr\/index.php?rest_route=%2Fwp%2Fv2%2Fcomments&post=274910"}],"version-history":[{"count":0,"href":"https:\/\/archive.sana.sy\/tr\/index.php?rest_route=\/wp\/v2\/posts\/274910\/revisions"}],"wp:featuredmedia":[{"embeddable":true,"href":"https:\/\/archive.sana.sy\/tr\/index.php?rest_route=\/wp\/v2\/media\/274911"}],"wp:attachment":[{"href":"https:\/\/archive.sana.sy\/tr\/index.php?rest_route=%2Fwp%2Fv2%2Fmedia&parent=274910"}],"wp:term":[{"taxonomy":"category","embeddable":true,"href":"https:\/\/archive.sana.sy\/tr\/index.php?rest_route=%2Fwp%2Fv2%2Fcategories&post=274910"},{"taxonomy":"post_tag","embeddable":true,"href":"https:\/\/archive.sana.sy\/tr\/index.php?rest_route=%2Fwp%2Fv2%2Ftags&post=274910"}],"curies":[{"name":"wp","href":"https:\/\/api.w.org\/{rel}","templated":true}]}}