{"id":27495,"date":"2015-03-24T11:50:14","date_gmt":"2015-03-24T09:50:14","guid":{"rendered":"http:\/\/www.sana.sy\/tr\/?p=27495"},"modified":"2015-03-24T11:50:14","modified_gmt":"2015-03-24T09:50:14","slug":"askeri-kaynak-ordu-birliklerimizin-hama-kirsalinin-hamada-omer-mukeymin-um-meyyal-latamneh-kefarzetta-el-rahcan-tel-arsan-kuleyb-el-sevr-sulba-ve-tel-um-hareteynde-terorist-orgutleri","status":"publish","type":"post","link":"https:\/\/archive.sana.sy\/tr\/?p=27495","title":{"rendered":"Askeri kaynak, ordu birliklerimizin Hama k\u0131rsal\u0131n\u0131n Hamada \u00d6mer, Mukeymin, Um Meyyal, Latamneh, Kefarzetta, el Rahcan, Tel Arsan, Kuleyb el Sevr, Sulba ve Tel Um Hareteyn\u2019de ter\u00f6rist \u00f6rg\u00fctlerin ara\u00e7 ve h\u00fccrelerini imha ettiklerini s\u00f6yledi."},"content":{"rendered":"<p>Askeri kaynak, ordu birliklerimizin Hama k\u0131rsal\u0131n\u0131n Hamada \u00d6mer, Mukeymin, Um Meyyal, Latamneh, Kefarzetta, el Rahcan, Tel Arsan, Kuleyb el Sevr, Sulba ve Tel Um Hareteyn\u2019de ter\u00f6rist \u00f6rg\u00fctlerin ara\u00e7 ve h\u00fccrelerini imha ettiklerini s\u00f6yledi.<\/p>\n","protected":false},"excerpt":{"rendered":"<p>Askeri kaynak, ordu birliklerimizin Hama k\u0131rsal\u0131n\u0131n Hamada \u00d6mer, Mukeymin, Um Meyyal, Latamneh, Kefarzetta, el Rahcan, Tel Arsan, Kuleyb el Sevr, Sulba ve Tel Um Hareteyn\u2019de ter\u00f6rist \u00f6rg\u00fctlerin ara\u00e7 ve h\u00fccrelerini imha ettiklerini s\u00f6yledi.<\/p>\n","protected":false},"author":1,"featured_media":0,"comment_status":"closed","ping_status":"closed","sticky":false,"template":"","format":"standard","meta":{"footnotes":""},"categories":[1],"tags":[1031,12883,12882,12885,4000,11675,12880,12886,12884,12881],"class_list":["post-27495","post","type-post","status-publish","format-standard","","category-news-not-sorted","tag-askeri-kaynak","tag-el-rahcan","tag-kefarzetta","tag-kuleyb-el-sevr","tag-latamneh","tag-mukeymin","tag-ordu-birliklerimizin-hama-kirsalinin-hamada-omer","tag-sulba-ve-tel-um-hareteynde-terorist-orgutlerin-arac-ve-hucrelerini-imha-ettiklerini-soyledi","tag-tel-arsan","tag-um-meyyal"],"_links":{"self":[{"href":"https:\/\/archive.sana.sy\/tr\/index.php?rest_route=\/wp\/v2\/posts\/27495","targetHints":{"allow":["GET"]}}],"collection":[{"href":"https:\/\/archive.sana.sy\/tr\/index.php?rest_route=\/wp\/v2\/posts"}],"about":[{"href":"https:\/\/archive.sana.sy\/tr\/index.php?rest_route=\/wp\/v2\/types\/post"}],"author":[{"embeddable":true,"href":"https:\/\/archive.sana.sy\/tr\/index.php?rest_route=\/wp\/v2\/users\/1"}],"replies":[{"embeddable":true,"href":"https:\/\/archive.sana.sy\/tr\/index.php?rest_route=%2Fwp%2Fv2%2Fcomments&post=27495"}],"version-history":[{"count":0,"href":"https:\/\/archive.sana.sy\/tr\/index.php?rest_route=\/wp\/v2\/posts\/27495\/revisions"}],"wp:attachment":[{"href":"https:\/\/archive.sana.sy\/tr\/index.php?rest_route=%2Fwp%2Fv2%2Fmedia&parent=27495"}],"wp:term":[{"taxonomy":"category","embeddable":true,"href":"https:\/\/archive.sana.sy\/tr\/index.php?rest_route=%2Fwp%2Fv2%2Fcategories&post=27495"},{"taxonomy":"post_tag","embeddable":true,"href":"https:\/\/archive.sana.sy\/tr\/index.php?rest_route=%2Fwp%2Fv2%2Ftags&post=27495"}],"curies":[{"name":"wp","href":"https:\/\/api.w.org\/{rel}","templated":true}]}}